{"id":8142,"date":"2026-09-02T01:57:22","date_gmt":"2026-09-01T22:57:22","guid":{"rendered":"https:\/\/yurtbakisi.com\/?p=8142"},"modified":"2026-09-02T01:57:29","modified_gmt":"2026-09-01T22:57:29","slug":"denizlerde-duzensiz-goc-olaylari-yuzde-48-azaldi","status":"publish","type":"post","link":"https:\/\/yurtbakisi.com\/?p=8142","title":{"rendered":"Denizlerde d\u00fczensiz g\u00f6\u00e7 olaylar\u0131 y\u00fczde 48 azald\u0131"},"content":{"rendered":"<p>Sahil G\u00fcvenlik ekiplerinin denizlerde d\u00fczensiz g\u00f6\u00e7 ve g\u00f6\u00e7men ka\u00e7ak\u00e7\u0131l\u0131\u011f\u0131yla m\u00fccadele kapsam\u0131nda y\u00fcr\u00fctt\u00fc\u011f\u00fc \u00e7al\u0131\u015fmalarla, 2024&#039;ten bu yana d\u00fczensiz g\u00f6\u00e7 olaylar\u0131 ve yakalanan g\u00f6\u00e7men say\u0131s\u0131nda \u00f6nemli d\u00fc\u015f\u00fc\u015f kaydedildi.<\/p>\n<p><strong>Kaynak:<\/strong> TRT Haber \u2014 <a href=\"https:\/\/www.trthaber.com\/haber\/gundem\/denizlerde-duzensiz-goc-olaylari-yuzde-48-azaldi-955582.html\" target=\"_blank\" rel=\"nofollow noopener\">Haberin devam\u0131n\u0131 \u00f6zg\u00fcn kayna\u011f\u0131nda oku<\/a><\/p>\n","protected":false},"excerpt":{"rendered":"<p>Sahil G\u00fcvenlik ekiplerinin denizlerde d\u00fczensiz g\u00f6\u00e7 ve g\u00f6\u00e7men ka\u00e7ak\u00e7\u0131l\u0131\u011f\u0131yla m\u00fccadele kapsam\u0131nda y\u00fcr\u00fctt\u00fc\u011f\u00fc \u00e7al\u0131\u015fmalarla, 2024&#8217;ten bu yana d\u00fczensiz g\u00f6\u00e7 olaylar\u0131 ve yakalanan g\u00f6\u00e7men say\u0131s\u0131nda \u00f6nemli d\u00fc\u015f\u00fc\u015f kaydedildi.<\/p>\n","protected":false},"author":0,"featured_media":8143,"comment_status":"closed","ping_status":"closed","sticky":false,"template":"","format":"standard","meta":{"_yb_topic_hash":"0f2503d07fe4deffdbcd5d778a30259f72ea687f0e4d3fe3fb09c6539f04206c","_yb_image_repair_status":"","_yb_image_repair_last":"","_yb_image_repair_attempts":0,"_yb_source_trust_score":0,"footnotes":""},"categories":[153],"tags":[],"yb_news_series":[],"yb_language":[],"class_list":["post-8142","post","type-post","status-publish","format-standard","has-post-thumbnail","hentry","category-gundem"],"blocksy_meta":[],"_links":{"self":[{"href":"https:\/\/yurtbakisi.com\/index.php?rest_route=\/wp\/v2\/posts\/8142","targetHints":{"allow":["GET"]}}],"collection":[{"href":"https:\/\/yurtbakisi.com\/index.php?rest_route=\/wp\/v2\/posts"}],"about":[{"href":"https:\/\/yurtbakisi.com\/index.php?rest_route=\/wp\/v2\/types\/post"}],"replies":[{"embeddable":true,"href":"https:\/\/yurtbakisi.com\/index.php?rest_route=%2Fwp%2Fv2%2Fcomments&post=8142"}],"version-history":[{"count":1,"href":"https:\/\/yurtbakisi.com\/index.php?rest_route=\/wp\/v2\/posts\/8142\/revisions"}],"predecessor-version":[{"id":8144,"href":"https:\/\/yurtbakisi.com\/index.php?rest_route=\/wp\/v2\/posts\/8142\/revisions\/8144"}],"wp:featuredmedia":[{"embeddable":true,"href":"https:\/\/yurtbakisi.com\/index.php?rest_route=\/wp\/v2\/media\/8143"}],"wp:attachment":[{"href":"https:\/\/yurtbakisi.com\/index.php?rest_route=%2Fwp%2Fv2%2Fmedia&parent=8142"}],"wp:term":[{"taxonomy":"category","embeddable":true,"href":"https:\/\/yurtbakisi.com\/index.php?rest_route=%2Fwp%2Fv2%2Fcategories&post=8142"},{"taxonomy":"post_tag","embeddable":true,"href":"https:\/\/yurtbakisi.com\/index.php?rest_route=%2Fwp%2Fv2%2Ftags&post=8142"},{"taxonomy":"yb_news_series","embeddable":true,"href":"https:\/\/yurtbakisi.com\/index.php?rest_route=%2Fwp%2Fv2%2Fyb_news_series&post=8142"},{"taxonomy":"yb_language","embeddable":true,"href":"https:\/\/yurtbakisi.com\/index.php?rest_route=%2Fwp%2Fv2%2Fyb_language&post=8142"}],"curies":[{"name":"wp","href":"https:\/\/api.w.org\/{rel}","templated":true}]}}