{"id":8145,"date":"2026-09-02T01:57:34","date_gmt":"2026-09-01T22:57:34","guid":{"rendered":"https:\/\/yurtbakisi.com\/?p=8145"},"modified":"2026-09-02T01:57:42","modified_gmt":"2026-09-01T22:57:42","slug":"gulistan-doku-sorusturmasinda-1-kisi-daha-tutuklandi","status":"publish","type":"post","link":"https:\/\/yurtbakisi.com\/?p=8145","title":{"rendered":"G\u00fclistan Doku soru\u015fturmas\u0131nda 1 ki\u015fi daha tutukland\u0131"},"content":{"rendered":"<p>G\u00fclistan Doku soru\u015fturmas\u0131 kapsam\u0131nda ger\u00e7ekle\u015ftirilen 5&#039;inci dalga operasyonda g\u00f6zalt\u0131na al\u0131nan 2 \u015f\u00fcpheli adliyeye sevk edildi. Mahkemeye \u00e7\u0131kar\u0131lan 2 kad\u0131n \u015f\u00fcpheliden biri tutukland\u0131, di\u011feri adli kontrol \u015fart\u0131yla serbest b\u0131rak\u0131ld\u0131.<\/p>\n<p><strong>Kaynak:<\/strong> TRT Haber \u2014 <a href=\"https:\/\/www.trthaber.com\/haber\/turkiye\/gulistan-doku-sorusturmasinda-1-kisi-daha-tutuklandi-955561.html\" target=\"_blank\" rel=\"nofollow noopener\">Haberin devam\u0131n\u0131 \u00f6zg\u00fcn kayna\u011f\u0131nda oku<\/a><\/p>\n","protected":false},"excerpt":{"rendered":"<p>G\u00fclistan Doku soru\u015fturmas\u0131 kapsam\u0131nda ger\u00e7ekle\u015ftirilen 5&#8217;inci dalga operasyonda g\u00f6zalt\u0131na al\u0131nan 2 \u015f\u00fcpheli adliyeye sevk edildi. Mahkemeye \u00e7\u0131kar\u0131lan 2 kad\u0131n \u015f\u00fcpheliden biri tutukland\u0131, di\u011feri adli kontrol \u015fart\u0131yla serbest b\u0131rak\u0131ld\u0131.<\/p>\n","protected":false},"author":0,"featured_media":8146,"comment_status":"closed","ping_status":"closed","sticky":false,"template":"","format":"standard","meta":{"_yb_topic_hash":"1784c9eaf58ed0fabab7d2d00257743b45df48f6a13f3e03da651d899ec8e57e","_yb_image_repair_status":"","_yb_image_repair_last":"","_yb_image_repair_attempts":0,"_yb_source_trust_score":0,"footnotes":""},"categories":[154],"tags":[111],"yb_news_series":[],"yb_language":[],"class_list":["post-8145","post","type-post","status-publish","format-standard","has-post-thumbnail","hentry","category-turkiye","tag-kultur-sanat"],"blocksy_meta":[],"_links":{"self":[{"href":"https:\/\/yurtbakisi.com\/index.php?rest_route=\/wp\/v2\/posts\/8145","targetHints":{"allow":["GET"]}}],"collection":[{"href":"https:\/\/yurtbakisi.com\/index.php?rest_route=\/wp\/v2\/posts"}],"about":[{"href":"https:\/\/yurtbakisi.com\/index.php?rest_route=\/wp\/v2\/types\/post"}],"replies":[{"embeddable":true,"href":"https:\/\/yurtbakisi.com\/index.php?rest_route=%2Fwp%2Fv2%2Fcomments&post=8145"}],"version-history":[{"count":1,"href":"https:\/\/yurtbakisi.com\/index.php?rest_route=\/wp\/v2\/posts\/8145\/revisions"}],"predecessor-version":[{"id":8147,"href":"https:\/\/yurtbakisi.com\/index.php?rest_route=\/wp\/v2\/posts\/8145\/revisions\/8147"}],"wp:featuredmedia":[{"embeddable":true,"href":"https:\/\/yurtbakisi.com\/index.php?rest_route=\/wp\/v2\/media\/8146"}],"wp:attachment":[{"href":"https:\/\/yurtbakisi.com\/index.php?rest_route=%2Fwp%2Fv2%2Fmedia&parent=8145"}],"wp:term":[{"taxonomy":"category","embeddable":true,"href":"https:\/\/yurtbakisi.com\/index.php?rest_route=%2Fwp%2Fv2%2Fcategories&post=8145"},{"taxonomy":"post_tag","embeddable":true,"href":"https:\/\/yurtbakisi.com\/index.php?rest_route=%2Fwp%2Fv2%2Ftags&post=8145"},{"taxonomy":"yb_news_series","embeddable":true,"href":"https:\/\/yurtbakisi.com\/index.php?rest_route=%2Fwp%2Fv2%2Fyb_news_series&post=8145"},{"taxonomy":"yb_language","embeddable":true,"href":"https:\/\/yurtbakisi.com\/index.php?rest_route=%2Fwp%2Fv2%2Fyb_language&post=8145"}],"curies":[{"name":"wp","href":"https:\/\/api.w.org\/{rel}","templated":true}]}}