{"id":8151,"date":"2026-09-02T02:01:02","date_gmt":"2026-09-01T23:01:02","guid":{"rendered":"https:\/\/yurtbakisi.com\/?p=8151"},"modified":"2026-09-02T02:01:11","modified_gmt":"2026-09-01T23:01:11","slug":"kadikoyde-bazi-yollar-trafige-kapatilacak","status":"publish","type":"post","link":"https:\/\/yurtbakisi.com\/?p=8151","title":{"rendered":"Kad\u0131k\u00f6y&#039;de baz\u0131 yollar trafi\u011fe kapat\u0131lacak"},"content":{"rendered":"<p>\u0130stanbul Kad\u0131k\u00f6y&#039;de, kamu d\u00fczeni ve g\u00fcvenli\u011finin sa\u011flanmas\u0131na y\u00f6nelik al\u0131nacak tedbirler kapsam\u0131nda baz\u0131 yollar trafi\u011fe kapat\u0131lacak.<\/p>\n<p><strong>Kaynak:<\/strong> TRT Haber \u2014 <a href=\"https:\/\/www.trthaber.com\/haber\/turkiye\/kadikoyde-bazi-yollar-trafige-kapatilacak-955556.html\" target=\"_blank\" rel=\"nofollow noopener\">Haberin devam\u0131n\u0131 \u00f6zg\u00fcn kayna\u011f\u0131nda oku<\/a><\/p>\n","protected":false},"excerpt":{"rendered":"<p>\u0130stanbul Kad\u0131k\u00f6y&#8217;de, kamu d\u00fczeni ve g\u00fcvenli\u011finin sa\u011flanmas\u0131na y\u00f6nelik al\u0131nacak tedbirler kapsam\u0131nda baz\u0131 yollar trafi\u011fe kapat\u0131lacak.<\/p>\n","protected":false},"author":0,"featured_media":8152,"comment_status":"closed","ping_status":"closed","sticky":false,"template":"","format":"standard","meta":{"_yb_topic_hash":"c7f5779e37125c60a1102807565da0b183dd09acc1503a3978456d5343322f96","_yb_image_repair_status":"","_yb_image_repair_last":"","_yb_image_repair_attempts":0,"_yb_source_trust_score":0,"footnotes":""},"categories":[154],"tags":[],"yb_news_series":[],"yb_language":[],"class_list":["post-8151","post","type-post","status-publish","format-standard","has-post-thumbnail","hentry","category-turkiye"],"blocksy_meta":[],"_links":{"self":[{"href":"https:\/\/yurtbakisi.com\/index.php?rest_route=\/wp\/v2\/posts\/8151","targetHints":{"allow":["GET"]}}],"collection":[{"href":"https:\/\/yurtbakisi.com\/index.php?rest_route=\/wp\/v2\/posts"}],"about":[{"href":"https:\/\/yurtbakisi.com\/index.php?rest_route=\/wp\/v2\/types\/post"}],"replies":[{"embeddable":true,"href":"https:\/\/yurtbakisi.com\/index.php?rest_route=%2Fwp%2Fv2%2Fcomments&post=8151"}],"version-history":[{"count":1,"href":"https:\/\/yurtbakisi.com\/index.php?rest_route=\/wp\/v2\/posts\/8151\/revisions"}],"predecessor-version":[{"id":8153,"href":"https:\/\/yurtbakisi.com\/index.php?rest_route=\/wp\/v2\/posts\/8151\/revisions\/8153"}],"wp:featuredmedia":[{"embeddable":true,"href":"https:\/\/yurtbakisi.com\/index.php?rest_route=\/wp\/v2\/media\/8152"}],"wp:attachment":[{"href":"https:\/\/yurtbakisi.com\/index.php?rest_route=%2Fwp%2Fv2%2Fmedia&parent=8151"}],"wp:term":[{"taxonomy":"category","embeddable":true,"href":"https:\/\/yurtbakisi.com\/index.php?rest_route=%2Fwp%2Fv2%2Fcategories&post=8151"},{"taxonomy":"post_tag","embeddable":true,"href":"https:\/\/yurtbakisi.com\/index.php?rest_route=%2Fwp%2Fv2%2Ftags&post=8151"},{"taxonomy":"yb_news_series","embeddable":true,"href":"https:\/\/yurtbakisi.com\/index.php?rest_route=%2Fwp%2Fv2%2Fyb_news_series&post=8151"},{"taxonomy":"yb_language","embeddable":true,"href":"https:\/\/yurtbakisi.com\/index.php?rest_route=%2Fwp%2Fv2%2Fyb_language&post=8151"}],"curies":[{"name":"wp","href":"https:\/\/api.w.org\/{rel}","templated":true}]}}