{"id":8161,"date":"2026-09-02T02:57:49","date_gmt":"2026-09-01T23:57:49","guid":{"rendered":"https:\/\/yurtbakisi.com\/?p=8161"},"modified":"2026-09-02T02:57:55","modified_gmt":"2026-09-01T23:57:55","slug":"turkiyenin-uzay-yolculugunda-yeni-adim-artemis-mutabakati-imzalandi","status":"publish","type":"post","link":"https:\/\/yurtbakisi.com\/?p=8161","title":{"rendered":"T\u00fcrkiye&#039;nin uzay yolculu\u011funda yeni ad\u0131m: Artemis Mutabakat\u0131 imzaland\u0131"},"content":{"rendered":"<p>T\u00fcrkiye&#039;nin Ay ke\u015fiflerinin g\u00fcvenli\u011fini art\u0131rmay\u0131 ve d\u0131\u015f uzay\u0131n bar\u0131\u015f\u00e7\u0131l kullan\u0131m\u0131n\u0131 te\u015fvik etmeyi ama\u00e7layan Artemis Mutabakat\u0131 imzaland\u0131.<\/p>\n<p><strong>Kaynak:<\/strong> TRT Haber \u2014 <a href=\"https:\/\/www.trthaber.com\/haber\/gundem\/turkiyenin-uzay-yolculugunda-yeni-adim-artemis-mutabakati-imzalandi-955571.html\" target=\"_blank\" rel=\"nofollow noopener\">Haberin devam\u0131n\u0131 \u00f6zg\u00fcn kayna\u011f\u0131nda oku<\/a><\/p>\n","protected":false},"excerpt":{"rendered":"<p>T\u00fcrkiye&#8217;nin Ay ke\u015fiflerinin g\u00fcvenli\u011fini art\u0131rmay\u0131 ve d\u0131\u015f uzay\u0131n bar\u0131\u015f\u00e7\u0131l kullan\u0131m\u0131n\u0131 te\u015fvik etmeyi ama\u00e7layan Artemis Mutabakat\u0131 imzaland\u0131.<\/p>\n","protected":false},"author":0,"featured_media":8162,"comment_status":"closed","ping_status":"closed","sticky":false,"template":"","format":"standard","meta":{"_yb_topic_hash":"b0d2937f72bfc422c1d0c4d639234ef639a703074a749bb8a44666ccc280b8e7","_yb_image_repair_status":"","_yb_image_repair_last":"","_yb_image_repair_attempts":0,"_yb_source_trust_score":0,"footnotes":""},"categories":[153],"tags":[],"yb_news_series":[],"yb_language":[],"class_list":["post-8161","post","type-post","status-publish","format-standard","has-post-thumbnail","hentry","category-gundem"],"blocksy_meta":[],"_links":{"self":[{"href":"https:\/\/yurtbakisi.com\/index.php?rest_route=\/wp\/v2\/posts\/8161","targetHints":{"allow":["GET"]}}],"collection":[{"href":"https:\/\/yurtbakisi.com\/index.php?rest_route=\/wp\/v2\/posts"}],"about":[{"href":"https:\/\/yurtbakisi.com\/index.php?rest_route=\/wp\/v2\/types\/post"}],"replies":[{"embeddable":true,"href":"https:\/\/yurtbakisi.com\/index.php?rest_route=%2Fwp%2Fv2%2Fcomments&post=8161"}],"version-history":[{"count":1,"href":"https:\/\/yurtbakisi.com\/index.php?rest_route=\/wp\/v2\/posts\/8161\/revisions"}],"predecessor-version":[{"id":8163,"href":"https:\/\/yurtbakisi.com\/index.php?rest_route=\/wp\/v2\/posts\/8161\/revisions\/8163"}],"wp:featuredmedia":[{"embeddable":true,"href":"https:\/\/yurtbakisi.com\/index.php?rest_route=\/wp\/v2\/media\/8162"}],"wp:attachment":[{"href":"https:\/\/yurtbakisi.com\/index.php?rest_route=%2Fwp%2Fv2%2Fmedia&parent=8161"}],"wp:term":[{"taxonomy":"category","embeddable":true,"href":"https:\/\/yurtbakisi.com\/index.php?rest_route=%2Fwp%2Fv2%2Fcategories&post=8161"},{"taxonomy":"post_tag","embeddable":true,"href":"https:\/\/yurtbakisi.com\/index.php?rest_route=%2Fwp%2Fv2%2Ftags&post=8161"},{"taxonomy":"yb_news_series","embeddable":true,"href":"https:\/\/yurtbakisi.com\/index.php?rest_route=%2Fwp%2Fv2%2Fyb_news_series&post=8161"},{"taxonomy":"yb_language","embeddable":true,"href":"https:\/\/yurtbakisi.com\/index.php?rest_route=%2Fwp%2Fv2%2Fyb_language&post=8161"}],"curies":[{"name":"wp","href":"https:\/\/api.w.org\/{rel}","templated":true}]}}