{"id":8167,"date":"2026-09-02T02:58:16","date_gmt":"2026-09-01T23:58:16","guid":{"rendered":"https:\/\/yurtbakisi.com\/?p=8167"},"modified":"2026-09-02T02:58:22","modified_gmt":"2026-09-01T23:58:22","slug":"eski-ingiltere-basbakani-starmer-milletvekilliginden-de-istifa-etti","status":"publish","type":"post","link":"https:\/\/yurtbakisi.com\/?p=8167","title":{"rendered":"Eski \u0130ngiltere Ba\u015fbakan\u0131 Starmer milletvekilli\u011finden de istifa etti"},"content":{"rendered":"<p>\u0130ngiltere&#039;de haziranda iktidardaki \u0130\u015f\u00e7i Partisi liderli\u011finden, temmuzda ba\u015fbakanl\u0131ktan ayr\u0131lan Keir Starmer, 11 y\u0131ld\u0131r s\u00fcrd\u00fcrd\u00fc\u011f\u00fc milletvekilli\u011finden de istifa etti.<\/p>\n<p><strong>Kaynak:<\/strong> TRT Haber \u2014 <a href=\"https:\/\/www.trthaber.com\/haber\/dunya\/eski-ingiltere-basbakani-starmer-milletvekilliginden-de-istifa-etti-955570.html\" target=\"_blank\" rel=\"nofollow noopener\">Haberin devam\u0131n\u0131 \u00f6zg\u00fcn kayna\u011f\u0131nda oku<\/a><\/p>\n","protected":false},"excerpt":{"rendered":"<p>\u0130ngiltere&#8217;de haziranda iktidardaki \u0130\u015f\u00e7i Partisi liderli\u011finden, temmuzda ba\u015fbakanl\u0131ktan ayr\u0131lan Keir Starmer, 11 y\u0131ld\u0131r s\u00fcrd\u00fcrd\u00fc\u011f\u00fc milletvekilli\u011finden de istifa etti.<\/p>\n","protected":false},"author":0,"featured_media":8168,"comment_status":"closed","ping_status":"closed","sticky":false,"template":"","format":"standard","meta":{"_yb_topic_hash":"6bc8f95cbb6facaa503a8b07ee1916476521fbdf41d46b39344eec915405cff5","_yb_image_repair_status":"","_yb_image_repair_last":"","_yb_image_repair_attempts":0,"_yb_source_trust_score":0,"footnotes":""},"categories":[155],"tags":[],"yb_news_series":[],"yb_language":[],"class_list":["post-8167","post","type-post","status-publish","format-standard","has-post-thumbnail","hentry","category-dunya"],"blocksy_meta":[],"_links":{"self":[{"href":"https:\/\/yurtbakisi.com\/index.php?rest_route=\/wp\/v2\/posts\/8167","targetHints":{"allow":["GET"]}}],"collection":[{"href":"https:\/\/yurtbakisi.com\/index.php?rest_route=\/wp\/v2\/posts"}],"about":[{"href":"https:\/\/yurtbakisi.com\/index.php?rest_route=\/wp\/v2\/types\/post"}],"replies":[{"embeddable":true,"href":"https:\/\/yurtbakisi.com\/index.php?rest_route=%2Fwp%2Fv2%2Fcomments&post=8167"}],"version-history":[{"count":1,"href":"https:\/\/yurtbakisi.com\/index.php?rest_route=\/wp\/v2\/posts\/8167\/revisions"}],"predecessor-version":[{"id":8169,"href":"https:\/\/yurtbakisi.com\/index.php?rest_route=\/wp\/v2\/posts\/8167\/revisions\/8169"}],"wp:featuredmedia":[{"embeddable":true,"href":"https:\/\/yurtbakisi.com\/index.php?rest_route=\/wp\/v2\/media\/8168"}],"wp:attachment":[{"href":"https:\/\/yurtbakisi.com\/index.php?rest_route=%2Fwp%2Fv2%2Fmedia&parent=8167"}],"wp:term":[{"taxonomy":"category","embeddable":true,"href":"https:\/\/yurtbakisi.com\/index.php?rest_route=%2Fwp%2Fv2%2Fcategories&post=8167"},{"taxonomy":"post_tag","embeddable":true,"href":"https:\/\/yurtbakisi.com\/index.php?rest_route=%2Fwp%2Fv2%2Ftags&post=8167"},{"taxonomy":"yb_news_series","embeddable":true,"href":"https:\/\/yurtbakisi.com\/index.php?rest_route=%2Fwp%2Fv2%2Fyb_news_series&post=8167"},{"taxonomy":"yb_language","embeddable":true,"href":"https:\/\/yurtbakisi.com\/index.php?rest_route=%2Fwp%2Fv2%2Fyb_language&post=8167"}],"curies":[{"name":"wp","href":"https:\/\/api.w.org\/{rel}","templated":true}]}}