{"id":8173,"date":"2026-09-02T01:36:17","date_gmt":"2026-09-01T22:36:17","guid":{"rendered":"https:\/\/yurtbakisi.com\/?p=8173"},"modified":"2026-09-02T01:36:17","modified_gmt":"2026-09-01T22:36:17","slug":"ferhat-gocer-sinan-akcil-geriliminde-yeni-perde-ihtarname-gonderdi-son-dakika","status":"publish","type":"post","link":"https:\/\/yurtbakisi.com\/?p=8173","title":{"rendered":"Ferhat G\u00f6\u00e7er-Sinan Ak\u00e7\u0131l geriliminde yeni perde: \u0130htarname g\u00f6nderdi &#8211; Son Dakika"},"content":{"rendered":"<div class=\"yb-imported-news-note\">\n<p>Ferhat G\u00f6\u00e7er-Sinan Ak\u00e7\u0131l geriliminde yeni perde: \u0130htarname g\u00f6nderdi Son Dakika<\/p>\n<p><strong>Kaynak:<\/strong> Canl\u0131 Ak\u0131\u015f \u2014 Magazin \u2014 Ayr\u0131nt\u0131lar ve tam i\u00e7erik i\u00e7in <a href=\"https:\/\/news.google.com\/rss\/articles\/CBMimwFBVV95cUxQSC1zOTdGTEQyZjNGbkhYWW9qQVNDOTlnc0p6OU4xaVVlM2J4NTVaTWtONWM1VENVeHRyOFUwZU9LUU1qOV9iMnlxVVJZdFhOdHNVVHBneG4wX2NGTlllc3Q5aVFsTnJuaUg0U0s3aTdvUE9kYzQ1ZTFXRmxYMng3WVZPZzZmY3pBODUtZl9GUjUxRXkzc2o2andoZ9IBmAFBVV95cUxQOVFCdUdDTVpIQnVrWEx0WkkxeWZtQ2o0enMxZFNDcGRsUVRWQ3Zia24wWVNDLU5XeVEzYkNuaVR2T0tIMWw4bno3aE1sTkJWeFZ5UWRSR1l5cDM0ZEl4QzZlN044a2xKSGlmcG43VzlsMGlTYmlDWFJubUdpbFhSdGlXSHF4d25VYVJ2bHJ5cFBHZHBqampuSQ?oc=5\" target=\"_blank\" rel=\"nofollow noopener noreferrer\">\u00f6zg\u00fcn haberi a\u00e7\u0131n<\/a>.<\/p>\n<p><small>Bu kay\u0131t RSS haber havuzuna k\u0131sa kaynak \u00f6zeti olarak al\u0131nm\u0131\u015ft\u0131r; \u00f6zg\u00fcn metnin tamam\u0131 kopyalanmam\u0131\u015ft\u0131r.<\/small><\/p>\n<\/div>\n","protected":false},"excerpt":{"rendered":"<p>Ferhat G\u00f6\u00e7er-Sinan Ak\u00e7\u0131l geriliminde yeni perde: \u0130htarname g\u00f6nderdi Son Dakika<\/p>\n","protected":false},"author":1,"featured_media":0,"comment_status":"closed","ping_status":"closed","sticky":false,"template":"","format":"standard","meta":{"_yb_topic_hash":"ac1ec8e24cc81b643df2e686a7266dc645eadc3a3f421f44b943ac5560adc230","_yb_image_repair_status":"","_yb_image_repair_last":"","_yb_image_repair_attempts":0,"_yb_source_trust_score":93,"footnotes":""},"categories":[15],"tags":[108],"yb_news_series":[],"yb_language":[],"class_list":["post-8173","post","type-post","status-publish","format-standard","has-post-thumbnail","hentry","category-magazin","tag-canli-akis-magazin"],"blocksy_meta":[],"_links":{"self":[{"href":"https:\/\/yurtbakisi.com\/index.php?rest_route=\/wp\/v2\/posts\/8173","targetHints":{"allow":["GET"]}}],"collection":[{"href":"https:\/\/yurtbakisi.com\/index.php?rest_route=\/wp\/v2\/posts"}],"about":[{"href":"https:\/\/yurtbakisi.com\/index.php?rest_route=\/wp\/v2\/types\/post"}],"author":[{"embeddable":true,"href":"https:\/\/yurtbakisi.com\/index.php?rest_route=\/wp\/v2\/users\/1"}],"replies":[{"embeddable":true,"href":"https:\/\/yurtbakisi.com\/index.php?rest_route=%2Fwp%2Fv2%2Fcomments&post=8173"}],"version-history":[{"count":0,"href":"https:\/\/yurtbakisi.com\/index.php?rest_route=\/wp\/v2\/posts\/8173\/revisions"}],"wp:attachment":[{"href":"https:\/\/yurtbakisi.com\/index.php?rest_route=%2Fwp%2Fv2%2Fmedia&parent=8173"}],"wp:term":[{"taxonomy":"category","embeddable":true,"href":"https:\/\/yurtbakisi.com\/index.php?rest_route=%2Fwp%2Fv2%2Fcategories&post=8173"},{"taxonomy":"post_tag","embeddable":true,"href":"https:\/\/yurtbakisi.com\/index.php?rest_route=%2Fwp%2Fv2%2Ftags&post=8173"},{"taxonomy":"yb_news_series","embeddable":true,"href":"https:\/\/yurtbakisi.com\/index.php?rest_route=%2Fwp%2Fv2%2Fyb_news_series&post=8173"},{"taxonomy":"yb_language","embeddable":true,"href":"https:\/\/yurtbakisi.com\/index.php?rest_route=%2Fwp%2Fv2%2Fyb_language&post=8173"}],"curies":[{"name":"wp","href":"https:\/\/api.w.org\/{rel}","templated":true}]}}