{"id":8183,"date":"2026-09-01T23:24:00","date_gmt":"2026-09-01T20:24:00","guid":{"rendered":"https:\/\/yurtbakisi.com\/?p=8183"},"modified":"2026-09-01T23:24:00","modified_gmt":"2026-09-01T20:24:00","slug":"yasemin-ozilhan-degil-yasemin-ergene-ekranlara-geri-donuyor-haber-ege","status":"publish","type":"post","link":"https:\/\/yurtbakisi.com\/?p=8183","title":{"rendered":"Yasemin \u00d6zilhan De\u011fil, Yasemin Ergene: Ekranlara Geri D\u00f6n\u00fcyor &#8211; Haber Ege"},"content":{"rendered":"<div class=\"yb-imported-news-note\">\n<p>Yasemin \u00d6zilhan De\u011fil, Yasemin Ergene: Ekranlara Geri D\u00f6n\u00fcyor Haber Ege<\/p>\n<p><strong>Kaynak:<\/strong> Canl\u0131 Ak\u0131\u015f \u2014 Magazin \u2014 Ayr\u0131nt\u0131lar ve tam i\u00e7erik i\u00e7in <a href=\"https:\/\/news.google.com\/rss\/articles\/CBMimwFBVV95cUxNQjVIR3NEdEVEVC1VZUhCMUUwRzFaUzN2UWVrcEh5M0dXdzU2RDkxMDl6RzVzZzVOWjRuMnlvYnZhRC03VUstQXRCWlFqQS1OMXVVVnNEbC1PeXNJYlFtb3BwUmhuU3BVZERzRDRyRVlpbXhCNzF5aVBHcWVpbGJGal9DdVBsZ3ExV1ktc1FsaEc1YWdYV2E4TEhQMA?oc=5\" target=\"_blank\" rel=\"nofollow noopener noreferrer\">\u00f6zg\u00fcn haberi a\u00e7\u0131n<\/a>.<\/p>\n<p><small>Bu kay\u0131t RSS haber havuzuna k\u0131sa kaynak \u00f6zeti olarak al\u0131nm\u0131\u015ft\u0131r; \u00f6zg\u00fcn metnin tamam\u0131 kopyalanmam\u0131\u015ft\u0131r.<\/small><\/p>\n<\/div>\n","protected":false},"excerpt":{"rendered":"<p>Yasemin \u00d6zilhan De\u011fil, Yasemin Ergene: Ekranlara Geri D\u00f6n\u00fcyor Haber Ege<\/p>\n","protected":false},"author":1,"featured_media":0,"comment_status":"closed","ping_status":"closed","sticky":false,"template":"","format":"standard","meta":{"_yb_topic_hash":"1450fa3ed9bf178f08cb8e14d5253a2ef24947c766e2957087efd576ec6971cb","_yb_image_repair_status":"","_yb_image_repair_last":"","_yb_image_repair_attempts":0,"_yb_source_trust_score":93,"footnotes":""},"categories":[15],"tags":[108,127],"yb_news_series":[],"yb_language":[],"class_list":["post-8183","post","type-post","status-publish","format-standard","has-post-thumbnail","hentry","category-magazin","tag-canli-akis-magazin","tag-televizyon"],"blocksy_meta":[],"_links":{"self":[{"href":"https:\/\/yurtbakisi.com\/index.php?rest_route=\/wp\/v2\/posts\/8183","targetHints":{"allow":["GET"]}}],"collection":[{"href":"https:\/\/yurtbakisi.com\/index.php?rest_route=\/wp\/v2\/posts"}],"about":[{"href":"https:\/\/yurtbakisi.com\/index.php?rest_route=\/wp\/v2\/types\/post"}],"author":[{"embeddable":true,"href":"https:\/\/yurtbakisi.com\/index.php?rest_route=\/wp\/v2\/users\/1"}],"replies":[{"embeddable":true,"href":"https:\/\/yurtbakisi.com\/index.php?rest_route=%2Fwp%2Fv2%2Fcomments&post=8183"}],"version-history":[{"count":0,"href":"https:\/\/yurtbakisi.com\/index.php?rest_route=\/wp\/v2\/posts\/8183\/revisions"}],"wp:attachment":[{"href":"https:\/\/yurtbakisi.com\/index.php?rest_route=%2Fwp%2Fv2%2Fmedia&parent=8183"}],"wp:term":[{"taxonomy":"category","embeddable":true,"href":"https:\/\/yurtbakisi.com\/index.php?rest_route=%2Fwp%2Fv2%2Fcategories&post=8183"},{"taxonomy":"post_tag","embeddable":true,"href":"https:\/\/yurtbakisi.com\/index.php?rest_route=%2Fwp%2Fv2%2Ftags&post=8183"},{"taxonomy":"yb_news_series","embeddable":true,"href":"https:\/\/yurtbakisi.com\/index.php?rest_route=%2Fwp%2Fv2%2Fyb_news_series&post=8183"},{"taxonomy":"yb_language","embeddable":true,"href":"https:\/\/yurtbakisi.com\/index.php?rest_route=%2Fwp%2Fv2%2Fyb_language&post=8183"}],"curies":[{"name":"wp","href":"https:\/\/api.w.org\/{rel}","templated":true}]}}