{"id":8208,"date":"2026-09-02T08:31:00","date_gmt":"2026-09-02T05:31:00","guid":{"rendered":"https:\/\/yurtbakisi.com\/?p=8208"},"modified":"2026-09-02T08:31:00","modified_gmt":"2026-09-02T05:31:00","slug":"yildizlar-gecidi-gibi-kadro-tuzlu-kahve-ekrana-damga-vurdu-habererk-com","status":"publish","type":"post","link":"https:\/\/yurtbakisi.com\/?p=8208","title":{"rendered":"Y\u0131ld\u0131zlar Ge\u00e7idi Gibi Kadro: Tuzlu Kahve Ekrana Damga Vurdu &#8211; Habererk.com"},"content":{"rendered":"<div class=\"yb-imported-news-note\">\n<p>Y\u0131ld\u0131zlar Ge\u00e7idi Gibi Kadro: Tuzlu Kahve Ekrana Damga Vurdu Habererk.com<\/p>\n<p><strong>Kaynak:<\/strong> Canl\u0131 Ak\u0131\u015f \u2014 TV ve Dizi \u2014 Ayr\u0131nt\u0131lar ve tam i\u00e7erik i\u00e7in <a href=\"https:\/\/news.google.com\/rss\/articles\/CBMingFBVV95cUxNRkVjaE55YUY2NmNqNzB4aEV0UHh4cnU0RGlOMWg1VWpDbHBGNHBWMXJMMURfcWFCUmNCbEYySTVweFFzUGhOaDhWekxWb0dmd0YydnNzMlhuWnJBOXVLRjd0dk0zZVZLaHJoZlFIM3pOdEFReWFkUU5PVXFkOHRZUzJwRng3YXZNemVmLWFKcVd0MzNyOGtjNVR1eGxQdw?oc=5\" target=\"_blank\" rel=\"nofollow noopener noreferrer\">\u00f6zg\u00fcn haberi a\u00e7\u0131n<\/a>.<\/p>\n<p><small>Bu kay\u0131t RSS haber havuzuna k\u0131sa kaynak \u00f6zeti olarak al\u0131nm\u0131\u015ft\u0131r; \u00f6zg\u00fcn metnin tamam\u0131 kopyalanmam\u0131\u015ft\u0131r.<\/small><\/p>\n<\/div>\n","protected":false},"excerpt":{"rendered":"<p>Y\u0131ld\u0131zlar Ge\u00e7idi Gibi Kadro: Tuzlu Kahve Ekrana Damga Vurdu Habererk.com<\/p>\n","protected":false},"author":1,"featured_media":0,"comment_status":"closed","ping_status":"closed","sticky":false,"template":"","format":"standard","meta":{"_yb_topic_hash":"590bd9d058e0e67c944ae4022096e2f1c1c1f4aac0e6dc79ca2e4d208b4794b3","_yb_image_repair_status":"","_yb_image_repair_last":"","_yb_image_repair_attempts":0,"_yb_source_trust_score":93,"footnotes":""},"categories":[3],"tags":[115,114,127],"yb_news_series":[],"yb_language":[],"class_list":["post-8208","post","type-post","status-publish","format-standard","has-post-thumbnail","hentry","category-tv-dizi","tag-canli-akis-tv-ve-dizi","tag-dizi","tag-televizyon"],"blocksy_meta":[],"_links":{"self":[{"href":"https:\/\/yurtbakisi.com\/index.php?rest_route=\/wp\/v2\/posts\/8208","targetHints":{"allow":["GET"]}}],"collection":[{"href":"https:\/\/yurtbakisi.com\/index.php?rest_route=\/wp\/v2\/posts"}],"about":[{"href":"https:\/\/yurtbakisi.com\/index.php?rest_route=\/wp\/v2\/types\/post"}],"author":[{"embeddable":true,"href":"https:\/\/yurtbakisi.com\/index.php?rest_route=\/wp\/v2\/users\/1"}],"replies":[{"embeddable":true,"href":"https:\/\/yurtbakisi.com\/index.php?rest_route=%2Fwp%2Fv2%2Fcomments&post=8208"}],"version-history":[{"count":0,"href":"https:\/\/yurtbakisi.com\/index.php?rest_route=\/wp\/v2\/posts\/8208\/revisions"}],"wp:attachment":[{"href":"https:\/\/yurtbakisi.com\/index.php?rest_route=%2Fwp%2Fv2%2Fmedia&parent=8208"}],"wp:term":[{"taxonomy":"category","embeddable":true,"href":"https:\/\/yurtbakisi.com\/index.php?rest_route=%2Fwp%2Fv2%2Fcategories&post=8208"},{"taxonomy":"post_tag","embeddable":true,"href":"https:\/\/yurtbakisi.com\/index.php?rest_route=%2Fwp%2Fv2%2Ftags&post=8208"},{"taxonomy":"yb_news_series","embeddable":true,"href":"https:\/\/yurtbakisi.com\/index.php?rest_route=%2Fwp%2Fv2%2Fyb_news_series&post=8208"},{"taxonomy":"yb_language","embeddable":true,"href":"https:\/\/yurtbakisi.com\/index.php?rest_route=%2Fwp%2Fv2%2Fyb_language&post=8208"}],"curies":[{"name":"wp","href":"https:\/\/api.w.org\/{rel}","templated":true}]}}