{"id":8213,"date":"2026-09-02T09:09:14","date_gmt":"2026-09-02T06:09:14","guid":{"rendered":"https:\/\/yurtbakisi.com\/?p=8213"},"modified":"2026-09-02T09:09:14","modified_gmt":"2026-09-02T06:09:14","slug":"gorumcesinin-dugunune-katilmayan-fahriye-evcenden-tatil-pozlari-haberturk","status":"publish","type":"post","link":"https:\/\/yurtbakisi.com\/?p=8213","title":{"rendered":"G\u00f6r\u00fcmcesinin d\u00fc\u011f\u00fcn\u00fcne kat\u0131lmayan Fahriye Evcen&#8217;den tatil pozlar\u0131 &#8211; Habert\u00fcrk"},"content":{"rendered":"<div class=\"yb-imported-news-note\">\n<p>G\u00f6r\u00fcmcesinin d\u00fc\u011f\u00fcn\u00fcne kat\u0131lmayan Fahriye Evcen&#039;den tatil pozlar\u0131 Habert\u00fcrk<\/p>\n<p><strong>Kaynak:<\/strong> Canl\u0131 Ak\u0131\u015f \u2014 Magazin \u2014 Ayr\u0131nt\u0131lar ve tam i\u00e7erik i\u00e7in <a href=\"https:\/\/news.google.com\/rss\/articles\/CBMisAFBVV95cUxONm0zUXg2c3lKdGV0SElkaW4yZEtacWlveURjbUFsZEFrc0Fvd0JFRnR4Q29DcmhmV2ZaOElZVWxfZVNKMU0zS0o0STVLbnFsTnp0SERIS2ZRektOakREbzBSSjV1TllIZzZfRmhEbHBuQ0tMRnh6NWtveFd1R25UZ1l3T3liRGU3M1hDUjFCV3hxR0EzeWFDbHZhTHl0SW9xMVNQYy1jTVdMbU93Zi1MVw?oc=5\" target=\"_blank\" rel=\"nofollow noopener noreferrer\">\u00f6zg\u00fcn haberi a\u00e7\u0131n<\/a>.<\/p>\n<p><small>Bu kay\u0131t RSS haber havuzuna k\u0131sa kaynak \u00f6zeti olarak al\u0131nm\u0131\u015ft\u0131r; \u00f6zg\u00fcn metnin tamam\u0131 kopyalanmam\u0131\u015ft\u0131r.<\/small><\/p>\n<\/div>\n","protected":false},"excerpt":{"rendered":"<p>G\u00f6r\u00fcmcesinin d\u00fc\u011f\u00fcn\u00fcne kat\u0131lmayan Fahriye Evcen&#8217;den tatil pozlar\u0131 Habert\u00fcrk<\/p>\n","protected":false},"author":1,"featured_media":0,"comment_status":"closed","ping_status":"closed","sticky":false,"template":"","format":"standard","meta":{"_yb_topic_hash":"c91969b98ee308bd363fad0707e66f5538f6f6bbde8bc1daea8c618a69170dfd","_yb_image_repair_status":"","_yb_image_repair_last":"","_yb_image_repair_attempts":0,"_yb_source_trust_score":93,"footnotes":""},"categories":[9,66,68,15],"tags":[108,107],"yb_news_series":[],"yb_language":[],"class_list":["post-8213","post","type-post","status-publish","format-standard","has-post-thumbnail","hentry","category-cemiyet","category-cemiyet-sosyal","category-dugunler","category-magazin","tag-canli-akis-magazin","tag-cemiyet"],"blocksy_meta":[],"_links":{"self":[{"href":"https:\/\/yurtbakisi.com\/index.php?rest_route=\/wp\/v2\/posts\/8213","targetHints":{"allow":["GET"]}}],"collection":[{"href":"https:\/\/yurtbakisi.com\/index.php?rest_route=\/wp\/v2\/posts"}],"about":[{"href":"https:\/\/yurtbakisi.com\/index.php?rest_route=\/wp\/v2\/types\/post"}],"author":[{"embeddable":true,"href":"https:\/\/yurtbakisi.com\/index.php?rest_route=\/wp\/v2\/users\/1"}],"replies":[{"embeddable":true,"href":"https:\/\/yurtbakisi.com\/index.php?rest_route=%2Fwp%2Fv2%2Fcomments&post=8213"}],"version-history":[{"count":0,"href":"https:\/\/yurtbakisi.com\/index.php?rest_route=\/wp\/v2\/posts\/8213\/revisions"}],"wp:attachment":[{"href":"https:\/\/yurtbakisi.com\/index.php?rest_route=%2Fwp%2Fv2%2Fmedia&parent=8213"}],"wp:term":[{"taxonomy":"category","embeddable":true,"href":"https:\/\/yurtbakisi.com\/index.php?rest_route=%2Fwp%2Fv2%2Fcategories&post=8213"},{"taxonomy":"post_tag","embeddable":true,"href":"https:\/\/yurtbakisi.com\/index.php?rest_route=%2Fwp%2Fv2%2Ftags&post=8213"},{"taxonomy":"yb_news_series","embeddable":true,"href":"https:\/\/yurtbakisi.com\/index.php?rest_route=%2Fwp%2Fv2%2Fyb_news_series&post=8213"},{"taxonomy":"yb_language","embeddable":true,"href":"https:\/\/yurtbakisi.com\/index.php?rest_route=%2Fwp%2Fv2%2Fyb_language&post=8213"}],"curies":[{"name":"wp","href":"https:\/\/api.w.org\/{rel}","templated":true}]}}