{"id":8214,"date":"2026-09-02T09:23:09","date_gmt":"2026-09-02T06:23:09","guid":{"rendered":"https:\/\/yurtbakisi.com\/?p=8214"},"modified":"2026-09-02T09:23:09","modified_gmt":"2026-09-02T06:23:09","slug":"galatasarayin-yildizi-osimhenin-luks-araci-olay-oldu-goren-donup-bir-daha-bakti-galeri-trend-magazin-sabah","status":"publish","type":"post","link":"https:\/\/yurtbakisi.com\/?p=8214","title":{"rendered":"Galatasaray\u2019\u0131n y\u0131ld\u0131z\u0131 Osimhen\u2019in l\u00fcks arac\u0131 olay oldu! G\u00f6ren d\u00f6n\u00fcp bir daha bakt\u0131! &#8211; Galeri &#8211; Trend Magazin &#8211; Sabah"},"content":{"rendered":"<div class=\"yb-imported-news-note\">\n<p>Galatasaray\u2019\u0131n y\u0131ld\u0131z\u0131 Osimhen\u2019in l\u00fcks arac\u0131 olay oldu! G\u00f6ren d\u00f6n\u00fcp bir daha bakt\u0131! &#8211; Galeri &#8211; Trend Magazin Sabah<\/p>\n<p><strong>Kaynak:<\/strong> Canl\u0131 Ak\u0131\u015f \u2014 Magazin \u2014 Ayr\u0131nt\u0131lar ve tam i\u00e7erik i\u00e7in <a href=\"https:\/\/news.google.com\/rss\/articles\/CBMiwwFBVV95cUxNMnJuMnRaakg5UzNzVU1nTVBUdTE2ZzVZa25lVXVqeEloUlRNUkk3aTRqM1pualNKY1VIeHZvV1hQd3d3TlI1XzA2Q252MUhZY3hjX3JhWlJvWXZhNi1hVWxDUmRFZkZMR0lnZmVBdjFoTWlRclc0SmxzVTF4Z3N3Vkl4Y0o1aWtzamdMT0lKSmd5Q0N3ejJBVFdSNVdISkc1WmhDb0xKcjF6WmJzc2pCaGxsZlc3TEFsVWd3YThla1pqSTQ?oc=5\" target=\"_blank\" rel=\"nofollow noopener noreferrer\">\u00f6zg\u00fcn haberi a\u00e7\u0131n<\/a>.<\/p>\n<p><small>Bu kay\u0131t RSS haber havuzuna k\u0131sa kaynak \u00f6zeti olarak al\u0131nm\u0131\u015ft\u0131r; \u00f6zg\u00fcn metnin tamam\u0131 kopyalanmam\u0131\u015ft\u0131r.<\/small><\/p>\n<\/div>\n","protected":false},"excerpt":{"rendered":"<p>Galatasaray\u2019\u0131n y\u0131ld\u0131z\u0131 Osimhen\u2019in l\u00fcks arac\u0131 olay oldu! G\u00f6ren d\u00f6n\u00fcp bir daha bakt\u0131! &#8211; Galeri &#8211; Trend Magazin Sabah<\/p>\n","protected":false},"author":1,"featured_media":0,"comment_status":"closed","ping_status":"closed","sticky":false,"template":"","format":"standard","meta":{"_yb_topic_hash":"237f021dff4318977b4d7ecc546ba6041716003a9ee196078ffed852275e75d0","_yb_image_repair_status":"","_yb_image_repair_last":"","_yb_image_repair_attempts":0,"_yb_source_trust_score":93,"footnotes":""},"categories":[27,25,15,3],"tags":[108,107,114],"yb_news_series":[],"yb_language":[],"class_list":["post-8214","post","type-post","status-publish","format-standard","has-post-thumbnail","hentry","category-dizi-haberleri","category-diziler","category-magazin","category-tv-dizi","tag-canli-akis-magazin","tag-cemiyet","tag-dizi"],"blocksy_meta":[],"_links":{"self":[{"href":"https:\/\/yurtbakisi.com\/index.php?rest_route=\/wp\/v2\/posts\/8214","targetHints":{"allow":["GET"]}}],"collection":[{"href":"https:\/\/yurtbakisi.com\/index.php?rest_route=\/wp\/v2\/posts"}],"about":[{"href":"https:\/\/yurtbakisi.com\/index.php?rest_route=\/wp\/v2\/types\/post"}],"author":[{"embeddable":true,"href":"https:\/\/yurtbakisi.com\/index.php?rest_route=\/wp\/v2\/users\/1"}],"replies":[{"embeddable":true,"href":"https:\/\/yurtbakisi.com\/index.php?rest_route=%2Fwp%2Fv2%2Fcomments&post=8214"}],"version-history":[{"count":0,"href":"https:\/\/yurtbakisi.com\/index.php?rest_route=\/wp\/v2\/posts\/8214\/revisions"}],"wp:attachment":[{"href":"https:\/\/yurtbakisi.com\/index.php?rest_route=%2Fwp%2Fv2%2Fmedia&parent=8214"}],"wp:term":[{"taxonomy":"category","embeddable":true,"href":"https:\/\/yurtbakisi.com\/index.php?rest_route=%2Fwp%2Fv2%2Fcategories&post=8214"},{"taxonomy":"post_tag","embeddable":true,"href":"https:\/\/yurtbakisi.com\/index.php?rest_route=%2Fwp%2Fv2%2Ftags&post=8214"},{"taxonomy":"yb_news_series","embeddable":true,"href":"https:\/\/yurtbakisi.com\/index.php?rest_route=%2Fwp%2Fv2%2Fyb_news_series&post=8214"},{"taxonomy":"yb_language","embeddable":true,"href":"https:\/\/yurtbakisi.com\/index.php?rest_route=%2Fwp%2Fv2%2Fyb_language&post=8214"}],"curies":[{"name":"wp","href":"https:\/\/api.w.org\/{rel}","templated":true}]}}