{"id":8216,"date":"2026-09-02T09:33:04","date_gmt":"2026-09-02T06:33:04","guid":{"rendered":"https:\/\/yurtbakisi.com\/?p=8216"},"modified":"2026-09-02T09:33:04","modified_gmt":"2026-09-02T06:33:04","slug":"ilayda-alisan-ve-ogulcan-enginin-tatil-rotasi-belli-oldu-instagram-paylasimi-ele-verdi-cnn-turk","status":"publish","type":"post","link":"https:\/\/yurtbakisi.com\/?p=8216","title":{"rendered":"\u0130layda Ali\u015fan ve O\u011fulcan Engin&#8217;in tatil rotas\u0131 belli oldu! Instagram payla\u015f\u0131m\u0131 ele verdi &#8211; CNN T\u00fcrk"},"content":{"rendered":"<div class=\"yb-imported-news-note\">\n<p>\u0130layda Ali\u015fan ve O\u011fulcan Engin&#039;in tatil rotas\u0131 belli oldu! Instagram payla\u015f\u0131m\u0131 ele verdi CNN T\u00fcrk<\/p>\n<p><strong>Kaynak:<\/strong> Canl\u0131 Ak\u0131\u015f \u2014 Magazin \u2014 Ayr\u0131nt\u0131lar ve tam i\u00e7erik i\u00e7in <a href=\"https:\/\/news.google.com\/rss\/articles\/CBMizgFBVV95cUxOSGtpT19yWWdSLWtDakVBWWpMbTJzRjVENzJwV2NReGNwT0pIOFFrcTgxUG5jYm95ZFdKd3dHT0g0UkNfZDB6SGVlbWxITEVVbUdNUlhBcXVVVWsyRXlnQnl1bGo1eWI5UjdjVkZRN2tzdTE2cGN0amdlMzAxV3FoOTRIaFU3NWUxS3pyTERST2R2LThNUVBNR1puWDNtZTh0TU1sMGpqWVU2NURkamFqV1VaWWdXNTlKY3VwN1F1dW54YjdZSmI1YkxnZFIwdw?oc=5\" target=\"_blank\" rel=\"nofollow noopener noreferrer\">\u00f6zg\u00fcn haberi a\u00e7\u0131n<\/a>.<\/p>\n<p><small>Bu kay\u0131t RSS haber havuzuna k\u0131sa kaynak \u00f6zeti olarak al\u0131nm\u0131\u015ft\u0131r; \u00f6zg\u00fcn metnin tamam\u0131 kopyalanmam\u0131\u015ft\u0131r.<\/small><\/p>\n<\/div>\n","protected":false},"excerpt":{"rendered":"<p>\u0130layda Ali\u015fan ve O\u011fulcan Engin&#8217;in tatil rotas\u0131 belli oldu! Instagram payla\u015f\u0131m\u0131 ele verdi CNN T\u00fcrk<\/p>\n","protected":false},"author":1,"featured_media":0,"comment_status":"closed","ping_status":"closed","sticky":false,"template":"","format":"standard","meta":{"_yb_topic_hash":"5403a025e4de76d8f910b9f040c3e26c6f0796c3632841ccc524a2e6354d8ffa","_yb_image_repair_status":"","_yb_image_repair_last":"","_yb_image_repair_attempts":0,"_yb_source_trust_score":93,"footnotes":""},"categories":[66,85,78,15,8,75,11],"tags":[108,117],"yb_news_series":[],"yb_language":[],"class_list":["post-8216","post","type-post","status-publish","format-standard","has-post-thumbnail","hentry","category-cemiyet-sosyal","category-gezi","category-kultur-yasam","category-magazin","category-sosyal-medya","category-sosyal-medya-trendleri","category-yasam","tag-canli-akis-magazin","tag-sosyal-medya"],"blocksy_meta":[],"_links":{"self":[{"href":"https:\/\/yurtbakisi.com\/index.php?rest_route=\/wp\/v2\/posts\/8216","targetHints":{"allow":["GET"]}}],"collection":[{"href":"https:\/\/yurtbakisi.com\/index.php?rest_route=\/wp\/v2\/posts"}],"about":[{"href":"https:\/\/yurtbakisi.com\/index.php?rest_route=\/wp\/v2\/types\/post"}],"author":[{"embeddable":true,"href":"https:\/\/yurtbakisi.com\/index.php?rest_route=\/wp\/v2\/users\/1"}],"replies":[{"embeddable":true,"href":"https:\/\/yurtbakisi.com\/index.php?rest_route=%2Fwp%2Fv2%2Fcomments&post=8216"}],"version-history":[{"count":0,"href":"https:\/\/yurtbakisi.com\/index.php?rest_route=\/wp\/v2\/posts\/8216\/revisions"}],"wp:attachment":[{"href":"https:\/\/yurtbakisi.com\/index.php?rest_route=%2Fwp%2Fv2%2Fmedia&parent=8216"}],"wp:term":[{"taxonomy":"category","embeddable":true,"href":"https:\/\/yurtbakisi.com\/index.php?rest_route=%2Fwp%2Fv2%2Fcategories&post=8216"},{"taxonomy":"post_tag","embeddable":true,"href":"https:\/\/yurtbakisi.com\/index.php?rest_route=%2Fwp%2Fv2%2Ftags&post=8216"},{"taxonomy":"yb_news_series","embeddable":true,"href":"https:\/\/yurtbakisi.com\/index.php?rest_route=%2Fwp%2Fv2%2Fyb_news_series&post=8216"},{"taxonomy":"yb_language","embeddable":true,"href":"https:\/\/yurtbakisi.com\/index.php?rest_route=%2Fwp%2Fv2%2Fyb_language&post=8216"}],"curies":[{"name":"wp","href":"https:\/\/api.w.org\/{rel}","templated":true}]}}