{"id":8219,"date":"2026-09-02T09:40:07","date_gmt":"2026-09-02T06:40:07","guid":{"rendered":"https:\/\/yurtbakisi.com\/?p=8219"},"modified":"2026-09-02T09:40:07","modified_gmt":"2026-09-02T06:40:07","slug":"zeynep-bastiktan-dugun-oncesi-son-tatil-arkadaslariyla-cesmede-deniz-keyfi-magazin-haberleri-cnn-turk","status":"publish","type":"post","link":"https:\/\/yurtbakisi.com\/?p=8219","title":{"rendered":"Zeynep Bast\u0131ktan d\u00fc\u011f\u00fcn \u00f6ncesi son tatil! Arkada\u015flar\u0131yla \u00c7e\u015fmede deniz keyfi &#8211; Magazin Haberleri &#8211; CNN T\u00fcrk"},"content":{"rendered":"<div class=\"yb-imported-news-note\">\n<p>Zeynep Bast\u0131ktan d\u00fc\u011f\u00fcn \u00f6ncesi son tatil! Arkada\u015flar\u0131yla \u00c7e\u015fmede deniz keyfi &#8211; Magazin Haberleri CNN T\u00fcrk<\/p>\n<p><strong>Kaynak:<\/strong> Canl\u0131 Ak\u0131\u015f \u2014 Magazin \u2014 Ayr\u0131nt\u0131lar ve tam i\u00e7erik i\u00e7in <a href=\"https:\/\/news.google.com\/rss\/articles\/CBMivgFBVV95cUxOdHpyVURFeTRSNm5uMlNBRVNBVXVsVmNNUWYxbHdCcjRycXIwbDROVEZ6c1NSbW9SdEZIekpCZ3FjYlVjcUNVZVNPLVEtM2JkdEpLWmRQcTNtbmdURC1HUlc3Sm0zNjJxVk5nVG8tU1I4SEVlUVc1M1BGS1MzYk5kSW9JMEwzaGVOTzVMY3hPMWpTTFJnejdYeDJmblhMa3BOZUVVZW1xT01zczZ4N1RUeHVCeTVqc2l3YnB1Ylpn?oc=5\" target=\"_blank\" rel=\"nofollow noopener noreferrer\">\u00f6zg\u00fcn haberi a\u00e7\u0131n<\/a>.<\/p>\n<p><small>Bu kay\u0131t RSS haber havuzuna k\u0131sa kaynak \u00f6zeti olarak al\u0131nm\u0131\u015ft\u0131r; \u00f6zg\u00fcn metnin tamam\u0131 kopyalanmam\u0131\u015ft\u0131r.<\/small><\/p>\n<\/div>\n","protected":false},"excerpt":{"rendered":"<p>Zeynep Bast\u0131ktan d\u00fc\u011f\u00fcn \u00f6ncesi son tatil! Arkada\u015flar\u0131yla \u00c7e\u015fmede deniz keyfi &#8211; Magazin Haberleri CNN T\u00fcrk<\/p>\n","protected":false},"author":1,"featured_media":0,"comment_status":"closed","ping_status":"closed","sticky":false,"template":"","format":"standard","meta":{"_yb_topic_hash":"790cb533919e0211702e03ee6b9585d1492820c78f464b83f16ebdef376696eb","_yb_image_repair_status":"","_yb_image_repair_last":"","_yb_image_repair_attempts":0,"_yb_source_trust_score":93,"footnotes":""},"categories":[9,66,68,15],"tags":[108,107],"yb_news_series":[],"yb_language":[],"class_list":["post-8219","post","type-post","status-publish","format-standard","has-post-thumbnail","hentry","category-cemiyet","category-cemiyet-sosyal","category-dugunler","category-magazin","tag-canli-akis-magazin","tag-cemiyet"],"blocksy_meta":[],"_links":{"self":[{"href":"https:\/\/yurtbakisi.com\/index.php?rest_route=\/wp\/v2\/posts\/8219","targetHints":{"allow":["GET"]}}],"collection":[{"href":"https:\/\/yurtbakisi.com\/index.php?rest_route=\/wp\/v2\/posts"}],"about":[{"href":"https:\/\/yurtbakisi.com\/index.php?rest_route=\/wp\/v2\/types\/post"}],"author":[{"embeddable":true,"href":"https:\/\/yurtbakisi.com\/index.php?rest_route=\/wp\/v2\/users\/1"}],"replies":[{"embeddable":true,"href":"https:\/\/yurtbakisi.com\/index.php?rest_route=%2Fwp%2Fv2%2Fcomments&post=8219"}],"version-history":[{"count":0,"href":"https:\/\/yurtbakisi.com\/index.php?rest_route=\/wp\/v2\/posts\/8219\/revisions"}],"wp:attachment":[{"href":"https:\/\/yurtbakisi.com\/index.php?rest_route=%2Fwp%2Fv2%2Fmedia&parent=8219"}],"wp:term":[{"taxonomy":"category","embeddable":true,"href":"https:\/\/yurtbakisi.com\/index.php?rest_route=%2Fwp%2Fv2%2Fcategories&post=8219"},{"taxonomy":"post_tag","embeddable":true,"href":"https:\/\/yurtbakisi.com\/index.php?rest_route=%2Fwp%2Fv2%2Ftags&post=8219"},{"taxonomy":"yb_news_series","embeddable":true,"href":"https:\/\/yurtbakisi.com\/index.php?rest_route=%2Fwp%2Fv2%2Fyb_news_series&post=8219"},{"taxonomy":"yb_language","embeddable":true,"href":"https:\/\/yurtbakisi.com\/index.php?rest_route=%2Fwp%2Fv2%2Fyb_language&post=8219"}],"curies":[{"name":"wp","href":"https:\/\/api.w.org\/{rel}","templated":true}]}}