{"id":8225,"date":"2026-09-02T11:01:09","date_gmt":"2026-09-02T08:01:09","guid":{"rendered":"https:\/\/yurtbakisi.com\/?p=8225"},"modified":"2026-09-02T11:01:18","modified_gmt":"2026-09-02T08:01:18","slug":"losemiyi-yenen-universite-ogrencisi-trafik-kazasinda-hayatini-kaybetti","status":"publish","type":"post","link":"https:\/\/yurtbakisi.com\/?p=8225","title":{"rendered":"L\u00f6semiyi yenen \u00fcniversite \u00f6\u011frencisi trafik kazas\u0131nda hayat\u0131n\u0131 kaybetti"},"content":{"rendered":"<p>Ankara&#039;da 2 y\u0131ll\u0131k tedaviyle l\u00f6semiyi yenen Orta Do\u011fu Teknik \u00dcniversitesi (ODT\u00dc) \u00f6\u011frencisi Mert Do\u011fan Ayd\u0131n, yolun kar\u015f\u0131s\u0131na ge\u00e7erken alkoll\u00fc oldu\u011fu \u00f6ne s\u00fcr\u00fclen s\u00fcr\u00fcc\u00fcn\u00fcn kulland\u0131\u011f\u0131 otomobilin \u00e7arpmas\u0131 sonucu hayat\u0131n\u0131 kaybetti.<\/p>\n<p><strong>Kaynak:<\/strong> TRT Haber \u2014 <a href=\"https:\/\/www.trthaber.com\/haber\/turkiye\/losemiyi-yenen-universite-ogrencisi-trafik-kazasinda-hayatini-kaybetti-955640.html\" target=\"_blank\" rel=\"nofollow noopener\">Haberin devam\u0131n\u0131 \u00f6zg\u00fcn kayna\u011f\u0131nda oku<\/a><\/p>\n","protected":false},"excerpt":{"rendered":"<p>Ankara&#8217;da 2 y\u0131ll\u0131k tedaviyle l\u00f6semiyi yenen Orta Do\u011fu Teknik \u00dcniversitesi (ODT\u00dc) \u00f6\u011frencisi Mert Do\u011fan Ayd\u0131n, yolun kar\u015f\u0131s\u0131na ge\u00e7erken alkoll\u00fc oldu\u011fu \u00f6ne s\u00fcr\u00fclen s\u00fcr\u00fcc\u00fcn\u00fcn kulland\u0131\u011f\u0131 otomobilin \u00e7arpmas\u0131 sonucu hayat\u0131n\u0131 kaybetti.<\/p>\n","protected":false},"author":0,"featured_media":8226,"comment_status":"closed","ping_status":"closed","sticky":false,"template":"","format":"standard","meta":{"_yb_topic_hash":"106d8e27d60178991ef73b97d3b87e3273c904957d4a22acad6db67b5338c00d","_yb_image_repair_status":"","_yb_image_repair_last":"","_yb_image_repair_attempts":0,"_yb_source_trust_score":0,"footnotes":""},"categories":[157,89,154],"tags":[128],"yb_news_series":[],"yb_language":[],"class_list":["post-8225","post","type-post","status-publish","format-standard","has-post-thumbnail","hentry","category-egitim","category-otomobil","category-turkiye","tag-yasam"],"blocksy_meta":[],"_links":{"self":[{"href":"https:\/\/yurtbakisi.com\/index.php?rest_route=\/wp\/v2\/posts\/8225","targetHints":{"allow":["GET"]}}],"collection":[{"href":"https:\/\/yurtbakisi.com\/index.php?rest_route=\/wp\/v2\/posts"}],"about":[{"href":"https:\/\/yurtbakisi.com\/index.php?rest_route=\/wp\/v2\/types\/post"}],"replies":[{"embeddable":true,"href":"https:\/\/yurtbakisi.com\/index.php?rest_route=%2Fwp%2Fv2%2Fcomments&post=8225"}],"version-history":[{"count":1,"href":"https:\/\/yurtbakisi.com\/index.php?rest_route=\/wp\/v2\/posts\/8225\/revisions"}],"predecessor-version":[{"id":8227,"href":"https:\/\/yurtbakisi.com\/index.php?rest_route=\/wp\/v2\/posts\/8225\/revisions\/8227"}],"wp:featuredmedia":[{"embeddable":true,"href":"https:\/\/yurtbakisi.com\/index.php?rest_route=\/wp\/v2\/media\/8226"}],"wp:attachment":[{"href":"https:\/\/yurtbakisi.com\/index.php?rest_route=%2Fwp%2Fv2%2Fmedia&parent=8225"}],"wp:term":[{"taxonomy":"category","embeddable":true,"href":"https:\/\/yurtbakisi.com\/index.php?rest_route=%2Fwp%2Fv2%2Fcategories&post=8225"},{"taxonomy":"post_tag","embeddable":true,"href":"https:\/\/yurtbakisi.com\/index.php?rest_route=%2Fwp%2Fv2%2Ftags&post=8225"},{"taxonomy":"yb_news_series","embeddable":true,"href":"https:\/\/yurtbakisi.com\/index.php?rest_route=%2Fwp%2Fv2%2Fyb_news_series&post=8225"},{"taxonomy":"yb_language","embeddable":true,"href":"https:\/\/yurtbakisi.com\/index.php?rest_route=%2Fwp%2Fv2%2Fyb_language&post=8225"}],"curies":[{"name":"wp","href":"https:\/\/api.w.org\/{rel}","templated":true}]}}