{"id":8231,"date":"2026-09-02T11:01:43","date_gmt":"2026-09-02T08:01:43","guid":{"rendered":"https:\/\/yurtbakisi.com\/?p=8231"},"modified":"2026-09-02T11:01:50","modified_gmt":"2026-09-02T08:01:50","slug":"cumhurbaskani-erdogandan-ismet-zeynep-ciftci-icin-bassagligi-mesaji","status":"publish","type":"post","link":"https:\/\/yurtbakisi.com\/?p=8231","title":{"rendered":"Cumhurba\u015fkan\u0131 Erdo\u011fan&#039;dan \u0130smet Zeynep \u00c7ift\u00e7i i\u00e7in ba\u015fsa\u011fl\u0131\u011f\u0131 mesaj\u0131"},"content":{"rendered":"<p>Cumhurba\u015fkan\u0131 Erdo\u011fan, &quot;AK Parti Kad\u0131n Kollar\u0131 MKYK \u00dcyemiz, k\u0131ymetli yol ve dava arkada\u015f\u0131m \u0130smet Zeynep \u00c7ift\u00e7i\u2019ye Allah\u2019tan rahmet niyaz ediyor; ailesine, yak\u0131nlar\u0131na ve AK Parti te\u015fkilat\u0131m\u0131za ba\u015fsa\u011fl\u0131\u011f\u0131 diliyorum.&quot; dedi.<\/p>\n<p><strong>Kaynak:<\/strong> TRT Haber \u2014 <a href=\"https:\/\/www.trthaber.com\/haber\/gundem\/cumhurbaskani-erdogandan-ismet-zeynep-ciftci-icin-bassagligi-mesaji-955607.html\" target=\"_blank\" rel=\"nofollow noopener\">Haberin devam\u0131n\u0131 \u00f6zg\u00fcn kayna\u011f\u0131nda oku<\/a><\/p>\n","protected":false},"excerpt":{"rendered":"<p>Cumhurba\u015fkan\u0131 Erdo\u011fan, &#8220;AK Parti Kad\u0131n Kollar\u0131 MKYK \u00dcyemiz, k\u0131ymetli yol ve dava arkada\u015f\u0131m \u0130smet Zeynep \u00c7ift\u00e7i\u2019ye Allah\u2019tan rahmet niyaz ediyor; ailesine, yak\u0131nlar\u0131na ve AK Parti te\u015fkilat\u0131m\u0131za ba\u015fsa\u011fl\u0131\u011f\u0131 diliyorum.&#8221; dedi.<\/p>\n","protected":false},"author":0,"featured_media":8232,"comment_status":"closed","ping_status":"closed","sticky":false,"template":"","format":"standard","meta":{"_yb_topic_hash":"67e6c6c7aef7d2dd5ce7972dc974a4ae50389e35a5044d7b3268fed2598a5d1a","_yb_image_repair_status":"","_yb_image_repair_last":"","_yb_image_repair_attempts":0,"_yb_source_trust_score":0,"footnotes":""},"categories":[153],"tags":[],"yb_news_series":[],"yb_language":[],"class_list":["post-8231","post","type-post","status-publish","format-standard","has-post-thumbnail","hentry","category-gundem"],"blocksy_meta":[],"_links":{"self":[{"href":"https:\/\/yurtbakisi.com\/index.php?rest_route=\/wp\/v2\/posts\/8231","targetHints":{"allow":["GET"]}}],"collection":[{"href":"https:\/\/yurtbakisi.com\/index.php?rest_route=\/wp\/v2\/posts"}],"about":[{"href":"https:\/\/yurtbakisi.com\/index.php?rest_route=\/wp\/v2\/types\/post"}],"replies":[{"embeddable":true,"href":"https:\/\/yurtbakisi.com\/index.php?rest_route=%2Fwp%2Fv2%2Fcomments&post=8231"}],"version-history":[{"count":1,"href":"https:\/\/yurtbakisi.com\/index.php?rest_route=\/wp\/v2\/posts\/8231\/revisions"}],"predecessor-version":[{"id":8233,"href":"https:\/\/yurtbakisi.com\/index.php?rest_route=\/wp\/v2\/posts\/8231\/revisions\/8233"}],"wp:featuredmedia":[{"embeddable":true,"href":"https:\/\/yurtbakisi.com\/index.php?rest_route=\/wp\/v2\/media\/8232"}],"wp:attachment":[{"href":"https:\/\/yurtbakisi.com\/index.php?rest_route=%2Fwp%2Fv2%2Fmedia&parent=8231"}],"wp:term":[{"taxonomy":"category","embeddable":true,"href":"https:\/\/yurtbakisi.com\/index.php?rest_route=%2Fwp%2Fv2%2Fcategories&post=8231"},{"taxonomy":"post_tag","embeddable":true,"href":"https:\/\/yurtbakisi.com\/index.php?rest_route=%2Fwp%2Fv2%2Ftags&post=8231"},{"taxonomy":"yb_news_series","embeddable":true,"href":"https:\/\/yurtbakisi.com\/index.php?rest_route=%2Fwp%2Fv2%2Fyb_news_series&post=8231"},{"taxonomy":"yb_language","embeddable":true,"href":"https:\/\/yurtbakisi.com\/index.php?rest_route=%2Fwp%2Fv2%2Fyb_language&post=8231"}],"curies":[{"name":"wp","href":"https:\/\/api.w.org\/{rel}","templated":true}]}}