{"id":8241,"date":"2026-09-02T11:47:00","date_gmt":"2026-09-02T08:47:00","guid":{"rendered":"https:\/\/yurtbakisi.com\/?p=8241"},"modified":"2026-09-02T11:47:00","modified_gmt":"2026-09-02T08:47:00","slug":"kocyigit-ailesinin-gizli-yildizi-ortaya-cikti-meger-ablasindan-once-yesilcama-giris-yapmis-galeri-trend-magazin-sabah","status":"publish","type":"post","link":"https:\/\/yurtbakisi.com\/?p=8241","title":{"rendered":"Ko\u00e7yi\u011fit ailesinin gizli y\u0131ld\u0131z\u0131 ortaya \u00e7\u0131kt\u0131! Me\u011fer ablas\u0131ndan \u00f6nce Ye\u015fil\u00e7am\u2019a giri\u015f yapm\u0131\u015f&#8230; &#8211; Galeri &#8211; Trend Magazin &#8211; Sabah"},"content":{"rendered":"<div class=\"yb-imported-news-note\">\n<p>Ko\u00e7yi\u011fit ailesinin gizli y\u0131ld\u0131z\u0131 ortaya \u00e7\u0131kt\u0131! Me\u011fer ablas\u0131ndan \u00f6nce Ye\u015fil\u00e7am\u2019a giri\u015f yapm\u0131\u015f&#8230; &#8211; Galeri &#8211; Trend Magazin Sabah<\/p>\n<p><strong>Kaynak:<\/strong> Canl\u0131 Ak\u0131\u015f \u2014 Magazin \u2014 Ayr\u0131nt\u0131lar ve tam i\u00e7erik i\u00e7in <a href=\"https:\/\/news.google.com\/rss\/articles\/CBMi0gFBVV95cUxQa2x4dGVncVowc080YmdpVk1MVEtHWV9senkzLWJ4UTI3X0RqRGp6X3FaQTZmOXQzbEV2VlZMRzlVb0c0NkhFaDlNQjVjZklxNmp5TUtTckpmRlRiVHdybHh3dGVUb0xWTDNlRUZiTXRJQ3ljODhBTUl5RG0zY0NQU2FleElLZG9FeDJpSGx5Y1ZrUlRZVWlfSGVaa0hPTG9OLTM4QXlscVhlTVRha19vQ0xVTDEwTnlFcXpUeUNCNG5QTjRMRUZWT1Y4Q0UwTWtQRUE?oc=5\" target=\"_blank\" rel=\"nofollow noopener noreferrer\">\u00f6zg\u00fcn haberi a\u00e7\u0131n<\/a>.<\/p>\n<p><small>Bu kay\u0131t RSS haber havuzuna k\u0131sa kaynak \u00f6zeti olarak al\u0131nm\u0131\u015ft\u0131r; \u00f6zg\u00fcn metnin tamam\u0131 kopyalanmam\u0131\u015ft\u0131r.<\/small><\/p>\n<\/div>\n","protected":false},"excerpt":{"rendered":"<p>Ko\u00e7yi\u011fit ailesinin gizli y\u0131ld\u0131z\u0131 ortaya \u00e7\u0131kt\u0131! Me\u011fer ablas\u0131ndan \u00f6nce Ye\u015fil\u00e7am\u2019a giri\u015f yapm\u0131\u015f&#8230; &#8211; Galeri &#8211; Trend Magazin Sabah<\/p>\n","protected":false},"author":1,"featured_media":0,"comment_status":"closed","ping_status":"closed","sticky":false,"template":"","format":"standard","meta":{"_yb_topic_hash":"b76677bf082b582f5ac2e9a5324a245e1f8d0878ad99ac841fdba23af834228e","_yb_image_repair_status":"","_yb_image_repair_last":"","_yb_image_repair_attempts":0,"_yb_source_trust_score":93,"footnotes":""},"categories":[27,25,15,3],"tags":[108,114],"yb_news_series":[],"yb_language":[],"class_list":["post-8241","post","type-post","status-publish","format-standard","has-post-thumbnail","hentry","category-dizi-haberleri","category-diziler","category-magazin","category-tv-dizi","tag-canli-akis-magazin","tag-dizi"],"blocksy_meta":[],"_links":{"self":[{"href":"https:\/\/yurtbakisi.com\/index.php?rest_route=\/wp\/v2\/posts\/8241","targetHints":{"allow":["GET"]}}],"collection":[{"href":"https:\/\/yurtbakisi.com\/index.php?rest_route=\/wp\/v2\/posts"}],"about":[{"href":"https:\/\/yurtbakisi.com\/index.php?rest_route=\/wp\/v2\/types\/post"}],"author":[{"embeddable":true,"href":"https:\/\/yurtbakisi.com\/index.php?rest_route=\/wp\/v2\/users\/1"}],"replies":[{"embeddable":true,"href":"https:\/\/yurtbakisi.com\/index.php?rest_route=%2Fwp%2Fv2%2Fcomments&post=8241"}],"version-history":[{"count":0,"href":"https:\/\/yurtbakisi.com\/index.php?rest_route=\/wp\/v2\/posts\/8241\/revisions"}],"wp:attachment":[{"href":"https:\/\/yurtbakisi.com\/index.php?rest_route=%2Fwp%2Fv2%2Fmedia&parent=8241"}],"wp:term":[{"taxonomy":"category","embeddable":true,"href":"https:\/\/yurtbakisi.com\/index.php?rest_route=%2Fwp%2Fv2%2Fcategories&post=8241"},{"taxonomy":"post_tag","embeddable":true,"href":"https:\/\/yurtbakisi.com\/index.php?rest_route=%2Fwp%2Fv2%2Ftags&post=8241"},{"taxonomy":"yb_news_series","embeddable":true,"href":"https:\/\/yurtbakisi.com\/index.php?rest_route=%2Fwp%2Fv2%2Fyb_news_series&post=8241"},{"taxonomy":"yb_language","embeddable":true,"href":"https:\/\/yurtbakisi.com\/index.php?rest_route=%2Fwp%2Fv2%2Fyb_language&post=8241"}],"curies":[{"name":"wp","href":"https:\/\/api.w.org\/{rel}","templated":true}]}}