{"id":8282,"date":"2026-09-02T12:27:00","date_gmt":"2026-09-02T09:27:00","guid":{"rendered":"https:\/\/yurtbakisi.com\/?p=8282"},"modified":"2026-09-02T12:27:00","modified_gmt":"2026-09-02T09:27:00","slug":"reyting-sonuclari-1-eylul-2026-belli-oldu-mu-total-ab-ve-abc1-siralamasinda-zirvenin-sahibi-kim-24-saat-gazetesi-ankara","status":"publish","type":"post","link":"https:\/\/yurtbakisi.com\/?p=8282","title":{"rendered":"Reyting sonu\u00e7lar\u0131 1 Eyl\u00fcl 2026 belli oldu mu? Total, AB ve ABC1 s\u0131ralamas\u0131nda zirvenin sahibi kim? &#8211; 24 Saat Gazetesi Ankara"},"content":{"rendered":"<div class=\"yb-imported-news-note\">\n<p>Reyting sonu\u00e7lar\u0131 1 Eyl\u00fcl 2026 belli oldu mu? Total, AB ve ABC1 s\u0131ralamas\u0131nda zirvenin sahibi kim? 24 Saat Gazetesi Ankara<\/p>\n<p><strong>Kaynak:<\/strong> Canl\u0131 Ak\u0131\u015f \u2014 TV ve Dizi \u2014 Ayr\u0131nt\u0131lar ve tam i\u00e7erik i\u00e7in <a href=\"https:\/\/news.google.com\/rss\/articles\/CBMifEFVX3lxTE9kcnlCelloSGNuQTQyaTNLYkFJUkxZRDY3dHRkTHNGUHRIN1hGM214V2l5Ym9hcExnOUdBYTJNRG1YZFhGM0I2TmFQb3RYMmdsazhjTV9xU0FzOUhHUHYwLW1pZTFRY19xZFE1R3N1NGxOZmhLdVdLUmN2cG8?oc=5\" target=\"_blank\" rel=\"nofollow noopener noreferrer\">\u00f6zg\u00fcn haberi a\u00e7\u0131n<\/a>.<\/p>\n<p><small>Bu kay\u0131t RSS haber havuzuna k\u0131sa kaynak \u00f6zeti olarak al\u0131nm\u0131\u015ft\u0131r; \u00f6zg\u00fcn metnin tamam\u0131 kopyalanmam\u0131\u015ft\u0131r.<\/small><\/p>\n<\/div>\n","protected":false},"excerpt":{"rendered":"<p>Reyting sonu\u00e7lar\u0131 1 Eyl\u00fcl 2026 belli oldu mu? Total, AB ve ABC1 s\u0131ralamas\u0131nda zirvenin sahibi kim? 24 Saat Gazetesi Ankara<\/p>\n","protected":false},"author":1,"featured_media":0,"comment_status":"closed","ping_status":"closed","sticky":false,"template":"","format":"standard","meta":{"_yb_topic_hash":"b09018d8717677e8f5ff6dffdbde4b3a22e3f9c57634cde313442e06e1d28162","_yb_image_repair_status":"","_yb_image_repair_last":"","_yb_image_repair_attempts":0,"_yb_source_trust_score":93,"footnotes":""},"categories":[34,3],"tags":[115,114,127],"yb_news_series":[],"yb_language":[],"class_list":["post-8282","post","type-post","status-publish","format-standard","has-post-thumbnail","hentry","category-reytingler","category-tv-dizi","tag-canli-akis-tv-ve-dizi","tag-dizi","tag-televizyon"],"blocksy_meta":[],"_links":{"self":[{"href":"https:\/\/yurtbakisi.com\/index.php?rest_route=\/wp\/v2\/posts\/8282","targetHints":{"allow":["GET"]}}],"collection":[{"href":"https:\/\/yurtbakisi.com\/index.php?rest_route=\/wp\/v2\/posts"}],"about":[{"href":"https:\/\/yurtbakisi.com\/index.php?rest_route=\/wp\/v2\/types\/post"}],"author":[{"embeddable":true,"href":"https:\/\/yurtbakisi.com\/index.php?rest_route=\/wp\/v2\/users\/1"}],"replies":[{"embeddable":true,"href":"https:\/\/yurtbakisi.com\/index.php?rest_route=%2Fwp%2Fv2%2Fcomments&post=8282"}],"version-history":[{"count":0,"href":"https:\/\/yurtbakisi.com\/index.php?rest_route=\/wp\/v2\/posts\/8282\/revisions"}],"wp:attachment":[{"href":"https:\/\/yurtbakisi.com\/index.php?rest_route=%2Fwp%2Fv2%2Fmedia&parent=8282"}],"wp:term":[{"taxonomy":"category","embeddable":true,"href":"https:\/\/yurtbakisi.com\/index.php?rest_route=%2Fwp%2Fv2%2Fcategories&post=8282"},{"taxonomy":"post_tag","embeddable":true,"href":"https:\/\/yurtbakisi.com\/index.php?rest_route=%2Fwp%2Fv2%2Ftags&post=8282"},{"taxonomy":"yb_news_series","embeddable":true,"href":"https:\/\/yurtbakisi.com\/index.php?rest_route=%2Fwp%2Fv2%2Fyb_news_series&post=8282"},{"taxonomy":"yb_language","embeddable":true,"href":"https:\/\/yurtbakisi.com\/index.php?rest_route=%2Fwp%2Fv2%2Fyb_language&post=8282"}],"curies":[{"name":"wp","href":"https:\/\/api.w.org\/{rel}","templated":true}]}}