{"id":8288,"date":"2026-09-02T13:30:40","date_gmt":"2026-09-02T10:30:40","guid":{"rendered":"https:\/\/yurtbakisi.com\/?p=8288"},"modified":"2026-09-02T13:30:40","modified_gmt":"2026-09-02T10:30:40","slug":"kiz-kardesinin-dugunune-katilamamisti-burak-ozcivit-set-arasini-ailesine-ayirdi-cnn-turk","status":"publish","type":"post","link":"https:\/\/yurtbakisi.com\/?p=8288","title":{"rendered":"K\u0131z karde\u015finin d\u00fc\u011f\u00fcn\u00fcne kat\u0131lamam\u0131\u015ft\u0131! Burak \u00d6z\u00e7ivit set aras\u0131n\u0131 ailesine ay\u0131rd\u0131 &#8211; CNN T\u00fcrk"},"content":{"rendered":"<div class=\"yb-imported-news-note\">\n<p>K\u0131z karde\u015finin d\u00fc\u011f\u00fcn\u00fcne kat\u0131lamam\u0131\u015ft\u0131! Burak \u00d6z\u00e7ivit set aras\u0131n\u0131 ailesine ay\u0131rd\u0131 CNN T\u00fcrk<\/p>\n<p><strong>Kaynak:<\/strong> Canl\u0131 Ak\u0131\u015f \u2014 Magazin \u2014 Ayr\u0131nt\u0131lar ve tam i\u00e7erik i\u00e7in <a href=\"https:\/\/news.google.com\/rss\/articles\/CBMixAFBVV95cUxQemFZVlFnNzRDc19zYXNKSm5fWldwQ3RIVHUzSFI2cEktT3B6OTh0a0FVNDFWUjM1R0JIWVZZT1BGOFVBeXlmSkxKU1JESGlvb3cwZnJHZm5OTjNaQWx3UUUtNGdYNFVlRF9sdi1weEJDcFBkMWN6cjdDT2YzQ2owMEVKN2hZSXVNSi1KckJMYndjcDBsZm5RQV9NRjRtNHB0Q2hiRk5LcmN1ODl5SF9KZERpSW14clRXNHRObHVBcnZUM3Zk?oc=5\" target=\"_blank\" rel=\"nofollow noopener noreferrer\">\u00f6zg\u00fcn haberi a\u00e7\u0131n<\/a>.<\/p>\n<p><small>Bu kay\u0131t RSS haber havuzuna k\u0131sa kaynak \u00f6zeti olarak al\u0131nm\u0131\u015ft\u0131r; \u00f6zg\u00fcn metnin tamam\u0131 kopyalanmam\u0131\u015ft\u0131r.<\/small><\/p>\n<\/div>\n","protected":false},"excerpt":{"rendered":"<p>K\u0131z karde\u015finin d\u00fc\u011f\u00fcn\u00fcne kat\u0131lamam\u0131\u015ft\u0131! Burak \u00d6z\u00e7ivit set aras\u0131n\u0131 ailesine ay\u0131rd\u0131 CNN T\u00fcrk<\/p>\n","protected":false},"author":1,"featured_media":0,"comment_status":"closed","ping_status":"closed","sticky":false,"template":"","format":"standard","meta":{"_yb_topic_hash":"efc1b7405ef1c1facdb6a8862179fc8f23b03b04fe6ded2af682d2e81ef5a805","_yb_image_repair_status":"failed","_yb_image_repair_last":"2026-09-02 14:57:45","_yb_image_repair_attempts":1,"_yb_source_trust_score":93,"footnotes":""},"categories":[9,66,68,15],"tags":[108,107],"yb_news_series":[],"yb_language":[],"class_list":["post-8288","post","type-post","status-publish","format-standard","has-post-thumbnail","hentry","category-cemiyet","category-cemiyet-sosyal","category-dugunler","category-magazin","tag-canli-akis-magazin","tag-cemiyet"],"blocksy_meta":[],"_links":{"self":[{"href":"https:\/\/yurtbakisi.com\/index.php?rest_route=\/wp\/v2\/posts\/8288","targetHints":{"allow":["GET"]}}],"collection":[{"href":"https:\/\/yurtbakisi.com\/index.php?rest_route=\/wp\/v2\/posts"}],"about":[{"href":"https:\/\/yurtbakisi.com\/index.php?rest_route=\/wp\/v2\/types\/post"}],"author":[{"embeddable":true,"href":"https:\/\/yurtbakisi.com\/index.php?rest_route=\/wp\/v2\/users\/1"}],"replies":[{"embeddable":true,"href":"https:\/\/yurtbakisi.com\/index.php?rest_route=%2Fwp%2Fv2%2Fcomments&post=8288"}],"version-history":[{"count":0,"href":"https:\/\/yurtbakisi.com\/index.php?rest_route=\/wp\/v2\/posts\/8288\/revisions"}],"wp:attachment":[{"href":"https:\/\/yurtbakisi.com\/index.php?rest_route=%2Fwp%2Fv2%2Fmedia&parent=8288"}],"wp:term":[{"taxonomy":"category","embeddable":true,"href":"https:\/\/yurtbakisi.com\/index.php?rest_route=%2Fwp%2Fv2%2Fcategories&post=8288"},{"taxonomy":"post_tag","embeddable":true,"href":"https:\/\/yurtbakisi.com\/index.php?rest_route=%2Fwp%2Fv2%2Ftags&post=8288"},{"taxonomy":"yb_news_series","embeddable":true,"href":"https:\/\/yurtbakisi.com\/index.php?rest_route=%2Fwp%2Fv2%2Fyb_news_series&post=8288"},{"taxonomy":"yb_language","embeddable":true,"href":"https:\/\/yurtbakisi.com\/index.php?rest_route=%2Fwp%2Fv2%2Fyb_language&post=8288"}],"curies":[{"name":"wp","href":"https:\/\/api.w.org\/{rel}","templated":true}]}}