{"id":8298,"date":"2026-09-02T14:02:18","date_gmt":"2026-09-02T11:02:18","guid":{"rendered":"https:\/\/yurtbakisi.com\/?p=8298"},"modified":"2026-09-02T14:02:23","modified_gmt":"2026-09-02T11:02:23","slug":"polonyada-ilkokullarda-telefon-yasagi","status":"publish","type":"post","link":"https:\/\/yurtbakisi.com\/?p=8298","title":{"rendered":"Polonya&#039;da ilkokullarda telefon yasa\u011f\u0131"},"content":{"rendered":"<p>Polonya&#039;da ilkokullar ve okul \u00f6ncesi e\u011fitim kurumlar\u0131nda cep telefonu kullan\u0131m\u0131na ili\u015fkin yeni d\u00fczenlemenin \u00fclke genelinde y\u00fcr\u00fcrl\u00fc\u011fe girdi\u011fi belirtildi.<\/p>\n<p><strong>Kaynak:<\/strong> TRT Haber \u2014 <a href=\"https:\/\/www.trthaber.com\/haber\/dunya\/polonyada-ilkokullarda-telefon-yasagi-955627.html\" target=\"_blank\" rel=\"nofollow noopener\">Haberin devam\u0131n\u0131 \u00f6zg\u00fcn kayna\u011f\u0131nda oku<\/a><\/p>\n","protected":false},"excerpt":{"rendered":"<p>Polonya&#8217;da ilkokullar ve okul \u00f6ncesi e\u011fitim kurumlar\u0131nda cep telefonu kullan\u0131m\u0131na ili\u015fkin yeni d\u00fczenlemenin \u00fclke genelinde y\u00fcr\u00fcrl\u00fc\u011fe girdi\u011fi belirtildi.<\/p>\n","protected":false},"author":0,"featured_media":8299,"comment_status":"closed","ping_status":"closed","sticky":false,"template":"","format":"standard","meta":{"_yb_topic_hash":"698c766b99f82f20e1b17a9ab4c609af49a576a9499a800a46881e0d9afb1950","_yb_image_repair_status":"","_yb_image_repair_last":"","_yb_image_repair_attempts":0,"_yb_source_trust_score":0,"footnotes":""},"categories":[155,157],"tags":[],"yb_news_series":[],"yb_language":[],"class_list":["post-8298","post","type-post","status-publish","format-standard","has-post-thumbnail","hentry","category-dunya","category-egitim"],"blocksy_meta":[],"_links":{"self":[{"href":"https:\/\/yurtbakisi.com\/index.php?rest_route=\/wp\/v2\/posts\/8298","targetHints":{"allow":["GET"]}}],"collection":[{"href":"https:\/\/yurtbakisi.com\/index.php?rest_route=\/wp\/v2\/posts"}],"about":[{"href":"https:\/\/yurtbakisi.com\/index.php?rest_route=\/wp\/v2\/types\/post"}],"replies":[{"embeddable":true,"href":"https:\/\/yurtbakisi.com\/index.php?rest_route=%2Fwp%2Fv2%2Fcomments&post=8298"}],"version-history":[{"count":1,"href":"https:\/\/yurtbakisi.com\/index.php?rest_route=\/wp\/v2\/posts\/8298\/revisions"}],"predecessor-version":[{"id":8300,"href":"https:\/\/yurtbakisi.com\/index.php?rest_route=\/wp\/v2\/posts\/8298\/revisions\/8300"}],"wp:featuredmedia":[{"embeddable":true,"href":"https:\/\/yurtbakisi.com\/index.php?rest_route=\/wp\/v2\/media\/8299"}],"wp:attachment":[{"href":"https:\/\/yurtbakisi.com\/index.php?rest_route=%2Fwp%2Fv2%2Fmedia&parent=8298"}],"wp:term":[{"taxonomy":"category","embeddable":true,"href":"https:\/\/yurtbakisi.com\/index.php?rest_route=%2Fwp%2Fv2%2Fcategories&post=8298"},{"taxonomy":"post_tag","embeddable":true,"href":"https:\/\/yurtbakisi.com\/index.php?rest_route=%2Fwp%2Fv2%2Ftags&post=8298"},{"taxonomy":"yb_news_series","embeddable":true,"href":"https:\/\/yurtbakisi.com\/index.php?rest_route=%2Fwp%2Fv2%2Fyb_news_series&post=8298"},{"taxonomy":"yb_language","embeddable":true,"href":"https:\/\/yurtbakisi.com\/index.php?rest_route=%2Fwp%2Fv2%2Fyb_language&post=8298"}],"curies":[{"name":"wp","href":"https:\/\/api.w.org\/{rel}","templated":true}]}}