{"id":8306,"date":"2026-09-02T13:55:00","date_gmt":"2026-09-02T10:55:00","guid":{"rendered":"https:\/\/yurtbakisi.com\/?p=8306"},"modified":"2026-09-02T13:55:00","modified_gmt":"2026-09-02T10:55:00","slug":"giresunda-halk-akademisinde-yeni-donem-basliyor-giresun-oncu-gazetesi","status":"publish","type":"post","link":"https:\/\/yurtbakisi.com\/?p=8306","title":{"rendered":"Giresun\u2019da halk akademisinde yeni d\u00f6nem ba\u015fl\u0131yor &#8211; Giresun \u00d6nc\u00fc Gazetesi"},"content":{"rendered":"<div class=\"yb-imported-news-note\">\n<p>Giresun\u2019da halk akademisinde yeni d\u00f6nem ba\u015fl\u0131yor Giresun \u00d6nc\u00fc Gazetesi<\/p>\n<p><strong>Kaynak:<\/strong> Canl\u0131 Ak\u0131\u015f \u2014 Sa\u011fl\u0131k \u2014 Ayr\u0131nt\u0131lar ve tam i\u00e7erik i\u00e7in <a href=\"https:\/\/news.google.com\/rss\/articles\/CBMijwFBVV95cUxQMXFPMEMxY1JWMHh2S29kck1nZVJ3d29JUnlOcGhBWTdHUU5rZ0ZYaGFsRFhycW1ENmFaeWdIXzZJU0dvbzkxdTU2M19FdTJMalk4QmRmVmYxM0dlZ3Y2RS0yMktHc0pQN3EzZE96MjhwWDVYOTRwbWhMTkVmU2FWM0V5cmM1YUh0UTBOa2pmNNIBlAFBVV95cUxNMjZJSWpUemllRXJQVTdSWWR0N1ZyRFRyMXg3NEF5U2pvMEFmYTBCSTFhZWVWZXFIZTlQM0dHVmxObUpPdlBRc2RuX05VZWVWNEFNQzE0NllMWjluUm1XTFd6SDZPcHI2Z0JMVXM2d3dWak1zZFdjZXRRWFJFX0x2enZLZjJHaTZuNlBZVzBJajlyZUpv?oc=5\" target=\"_blank\" rel=\"nofollow noopener noreferrer\">\u00f6zg\u00fcn haberi a\u00e7\u0131n<\/a>.<\/p>\n<p><small>Bu kay\u0131t RSS haber havuzuna k\u0131sa kaynak \u00f6zeti olarak al\u0131nm\u0131\u015ft\u0131r; \u00f6zg\u00fcn metnin tamam\u0131 kopyalanmam\u0131\u015ft\u0131r.<\/small><\/p>\n<\/div>\n","protected":false},"excerpt":{"rendered":"<p>Giresun\u2019da halk akademisinde yeni d\u00f6nem ba\u015fl\u0131yor Giresun \u00d6nc\u00fc Gazetesi<\/p>\n","protected":false},"author":1,"featured_media":0,"comment_status":"closed","ping_status":"closed","sticky":false,"template":"","format":"standard","meta":{"_yb_topic_hash":"f5ecb86b8109c88e2cfc254751b5970d4ec2f0c19b44dcf827440552c4e19526","_yb_image_repair_status":"","_yb_image_repair_last":"","_yb_image_repair_attempts":0,"_yb_source_trust_score":88,"footnotes":""},"categories":[12],"tags":[120,112],"yb_news_series":[],"yb_language":[],"class_list":["post-8306","post","type-post","status-publish","format-standard","has-post-thumbnail","hentry","category-saglik","tag-canli-akis-saglik","tag-saglik"],"blocksy_meta":[],"_links":{"self":[{"href":"https:\/\/yurtbakisi.com\/index.php?rest_route=\/wp\/v2\/posts\/8306","targetHints":{"allow":["GET"]}}],"collection":[{"href":"https:\/\/yurtbakisi.com\/index.php?rest_route=\/wp\/v2\/posts"}],"about":[{"href":"https:\/\/yurtbakisi.com\/index.php?rest_route=\/wp\/v2\/types\/post"}],"author":[{"embeddable":true,"href":"https:\/\/yurtbakisi.com\/index.php?rest_route=\/wp\/v2\/users\/1"}],"replies":[{"embeddable":true,"href":"https:\/\/yurtbakisi.com\/index.php?rest_route=%2Fwp%2Fv2%2Fcomments&post=8306"}],"version-history":[{"count":0,"href":"https:\/\/yurtbakisi.com\/index.php?rest_route=\/wp\/v2\/posts\/8306\/revisions"}],"wp:attachment":[{"href":"https:\/\/yurtbakisi.com\/index.php?rest_route=%2Fwp%2Fv2%2Fmedia&parent=8306"}],"wp:term":[{"taxonomy":"category","embeddable":true,"href":"https:\/\/yurtbakisi.com\/index.php?rest_route=%2Fwp%2Fv2%2Fcategories&post=8306"},{"taxonomy":"post_tag","embeddable":true,"href":"https:\/\/yurtbakisi.com\/index.php?rest_route=%2Fwp%2Fv2%2Ftags&post=8306"},{"taxonomy":"yb_news_series","embeddable":true,"href":"https:\/\/yurtbakisi.com\/index.php?rest_route=%2Fwp%2Fv2%2Fyb_news_series&post=8306"},{"taxonomy":"yb_language","embeddable":true,"href":"https:\/\/yurtbakisi.com\/index.php?rest_route=%2Fwp%2Fv2%2Fyb_language&post=8306"}],"curies":[{"name":"wp","href":"https:\/\/api.w.org\/{rel}","templated":true}]}}