{"id":8325,"date":"2026-09-02T16:30:16","date_gmt":"2026-09-02T13:30:16","guid":{"rendered":"https:\/\/yurtbakisi.com\/?p=8325"},"modified":"2026-09-02T16:30:16","modified_gmt":"2026-09-02T13:30:16","slug":"loreal-paris-2026-defilesi-unluler-marka-yuzleri-ve-eyfel-kulesinin-dibinde-halka-acik-goster-tarih-sortir-a-paris","status":"publish","type":"post","link":"https:\/\/yurtbakisi.com\/?p=8325","title":{"rendered":"L\u2019Or\u00e9al Paris 2026 defilesi: \u00fcnl\u00fcler, marka y\u00fczleri ve Eyfel Kulesi\u2019nin dibinde halka a\u00e7\u0131k g\u00f6ster &#8211; tarih &#8211; Sortir \u00e0 Paris"},"content":{"rendered":"<div class=\"yb-imported-news-note\">\n<p>L\u2019Or\u00e9al Paris 2026 defilesi: \u00fcnl\u00fcler, marka y\u00fczleri ve Eyfel Kulesi\u2019nin dibinde halka a\u00e7\u0131k g\u00f6ster &#8211; tarih Sortir \u00e0 Paris<\/p>\n<p><strong>Kaynak:<\/strong> Canl\u0131 Ak\u0131\u015f \u2014 Magazin \u2014 Ayr\u0131nt\u0131lar ve tam i\u00e7erik i\u00e7in <a href=\"https:\/\/news.google.com\/rss\/articles\/CBMihwJBVV95cUxNOGpFM05aaW9VSkdSa1FOTVNhdjJxcndVV19zSHBDSnJqQThxeGd6dmFmcWJwZTU4RmtUd1ZvOW1Sc2tjTDRoOGpaLXpyRF9NSTZ6b2xEbGc2a1JXLURWaGFpOXZZcEpsUm10RTlDTmZmdEVUTGxOZEplODkwLWl0S2lZVHMwaUFJLXl1NWNva1pXNEhsRVltUWtCUmM3WDZqMEVXeFVmR05ncndwOFdhWjYtdmRoam5mU0FCNGdOQ3EwdE05SjAtUl9taUx5V2JtV3AzNWdudDgtbG9fTWprdWVHU3BSaUM5c0YzdzJ4MDg2dzcycHVBWk9NYmpmLWI1bFhQNTJEWQ?oc=5\" target=\"_blank\" rel=\"nofollow noopener noreferrer\">\u00f6zg\u00fcn haberi a\u00e7\u0131n<\/a>.<\/p>\n<p><small>Bu kay\u0131t RSS haber havuzuna k\u0131sa kaynak \u00f6zeti olarak al\u0131nm\u0131\u015ft\u0131r; \u00f6zg\u00fcn metnin tamam\u0131 kopyalanmam\u0131\u015ft\u0131r.<\/small><\/p>\n<\/div>\n","protected":false},"excerpt":{"rendered":"<p>L\u2019Or\u00e9al Paris 2026 defilesi: \u00fcnl\u00fcler, marka y\u00fczleri ve Eyfel Kulesi\u2019nin dibinde halka a\u00e7\u0131k g\u00f6ster &#8211; tarih Sortir \u00e0 Paris<\/p>\n","protected":false},"author":1,"featured_media":0,"comment_status":"closed","ping_status":"closed","sticky":false,"template":"","format":"standard","meta":{"_yb_topic_hash":"01cf25d3c488ce6ce85ed6ed7c2614017210483a3369a9c7d2dc12520e427fe3","_yb_image_repair_status":"","_yb_image_repair_last":"","_yb_image_repair_attempts":0,"_yb_source_trust_score":93,"footnotes":""},"categories":[58,15,6,53],"tags":[108,126,110],"yb_news_series":[],"yb_language":[],"class_list":["post-8325","post","type-post","status-publish","format-standard","has-post-thumbnail","hentry","category-defileler","category-magazin","category-moda","category-moda-guzellik","tag-canli-akis-magazin","tag-moda","tag-unluler"],"blocksy_meta":[],"_links":{"self":[{"href":"https:\/\/yurtbakisi.com\/index.php?rest_route=\/wp\/v2\/posts\/8325","targetHints":{"allow":["GET"]}}],"collection":[{"href":"https:\/\/yurtbakisi.com\/index.php?rest_route=\/wp\/v2\/posts"}],"about":[{"href":"https:\/\/yurtbakisi.com\/index.php?rest_route=\/wp\/v2\/types\/post"}],"author":[{"embeddable":true,"href":"https:\/\/yurtbakisi.com\/index.php?rest_route=\/wp\/v2\/users\/1"}],"replies":[{"embeddable":true,"href":"https:\/\/yurtbakisi.com\/index.php?rest_route=%2Fwp%2Fv2%2Fcomments&post=8325"}],"version-history":[{"count":0,"href":"https:\/\/yurtbakisi.com\/index.php?rest_route=\/wp\/v2\/posts\/8325\/revisions"}],"wp:attachment":[{"href":"https:\/\/yurtbakisi.com\/index.php?rest_route=%2Fwp%2Fv2%2Fmedia&parent=8325"}],"wp:term":[{"taxonomy":"category","embeddable":true,"href":"https:\/\/yurtbakisi.com\/index.php?rest_route=%2Fwp%2Fv2%2Fcategories&post=8325"},{"taxonomy":"post_tag","embeddable":true,"href":"https:\/\/yurtbakisi.com\/index.php?rest_route=%2Fwp%2Fv2%2Ftags&post=8325"},{"taxonomy":"yb_news_series","embeddable":true,"href":"https:\/\/yurtbakisi.com\/index.php?rest_route=%2Fwp%2Fv2%2Fyb_news_series&post=8325"},{"taxonomy":"yb_language","embeddable":true,"href":"https:\/\/yurtbakisi.com\/index.php?rest_route=%2Fwp%2Fv2%2Fyb_language&post=8325"}],"curies":[{"name":"wp","href":"https:\/\/api.w.org\/{rel}","templated":true}]}}