{"id":8331,"date":"2026-09-02T15:03:58","date_gmt":"2026-09-02T12:03:58","guid":{"rendered":"https:\/\/yurtbakisi.com\/?p=8331"},"modified":"2026-09-02T15:03:58","modified_gmt":"2026-09-02T12:03:58","slug":"venedikte-gectigimiz-yildan-aklimizda-kalan-moda-anlari-elle","status":"publish","type":"post","link":"https:\/\/yurtbakisi.com\/?p=8331","title":{"rendered":"Venedik\u2019te Ge\u00e7ti\u011fimiz Y\u0131ldan Akl\u0131m\u0131zda Kalan Moda Anlar\u0131 &#8211; ELLE"},"content":{"rendered":"<div class=\"yb-imported-news-note\">\n<p>Venedik\u2019te Ge\u00e7ti\u011fimiz Y\u0131ldan Akl\u0131m\u0131zda Kalan Moda Anlar\u0131 ELLE<\/p>\n<p><strong>Kaynak:<\/strong> Canl\u0131 Ak\u0131\u015f \u2014 Moda ve G\u00fczellik \u2014 Ayr\u0131nt\u0131lar ve tam i\u00e7erik i\u00e7in <a href=\"https:\/\/news.google.com\/rss\/articles\/CBMiqAFBVV95cUxQYktwT1lQTXA2Y2JKc0FqOGdGTllIazJkcWFOMTN2ZlAtaW1ZSDRLeXZuRDNYQnJRV1JNOGd3TkpYeUoxLUZQY20tZ1A0dWk1Umo3eFVqQ3FuQ1k2cVIwVkV0SzBrVVRxdG1DXzExOG9Icm00am5talNwSDNOSzZoY1NsdU45clphLVdLbzJ2RTl6dVBpY1Z6bC1OYzMzLXVLM2tVWkRFbknSAa4BQVVfeXFMTWRVdkxnWVdwQmVhX1dBNzk2d29oNms4YWswT0syU1lhWnZveW8teGM2NUJIVEFkbTZlSVpPQW81UUYyUWZvSzVsRGR6S3dndzZZaE4zRXlCSFZxLXBFUFFfQjFmU2x3QndCMVduSUFsVmc2dXdMRWd4NXVfaWZfVkl2QWhoUGFlUzlFUGw0bU9CTzd0N1IxQzhUR0Vjd2xMMnpOQk5FbERHamhMZ1Zn?oc=5\" target=\"_blank\" rel=\"nofollow noopener noreferrer\">\u00f6zg\u00fcn haberi a\u00e7\u0131n<\/a>.<\/p>\n<p><small>Bu kay\u0131t RSS haber havuzuna k\u0131sa kaynak \u00f6zeti olarak al\u0131nm\u0131\u015ft\u0131r; \u00f6zg\u00fcn metnin tamam\u0131 kopyalanmam\u0131\u015ft\u0131r.<\/small><\/p>\n<\/div>\n","protected":false},"excerpt":{"rendered":"<p>Venedik\u2019te Ge\u00e7ti\u011fimiz Y\u0131ldan Akl\u0131m\u0131zda Kalan Moda Anlar\u0131 ELLE<\/p>\n","protected":false},"author":1,"featured_media":0,"comment_status":"closed","ping_status":"closed","sticky":false,"template":"","format":"standard","meta":{"_yb_topic_hash":"9916c19d6d14f0683bc4b69f39cd9441ea5dd79a18d5c974eb78df145bcaeb14","_yb_image_repair_status":"","_yb_image_repair_last":"","_yb_image_repair_attempts":0,"_yb_source_trust_score":88,"footnotes":""},"categories":[53],"tags":[152,125,126],"yb_news_series":[],"yb_language":[],"class_list":["post-8331","post","type-post","status-publish","format-standard","has-post-thumbnail","hentry","category-moda-guzellik","tag-canli-akis-moda-ve-guzellik","tag-guzellik","tag-moda"],"blocksy_meta":[],"_links":{"self":[{"href":"https:\/\/yurtbakisi.com\/index.php?rest_route=\/wp\/v2\/posts\/8331","targetHints":{"allow":["GET"]}}],"collection":[{"href":"https:\/\/yurtbakisi.com\/index.php?rest_route=\/wp\/v2\/posts"}],"about":[{"href":"https:\/\/yurtbakisi.com\/index.php?rest_route=\/wp\/v2\/types\/post"}],"author":[{"embeddable":true,"href":"https:\/\/yurtbakisi.com\/index.php?rest_route=\/wp\/v2\/users\/1"}],"replies":[{"embeddable":true,"href":"https:\/\/yurtbakisi.com\/index.php?rest_route=%2Fwp%2Fv2%2Fcomments&post=8331"}],"version-history":[{"count":0,"href":"https:\/\/yurtbakisi.com\/index.php?rest_route=\/wp\/v2\/posts\/8331\/revisions"}],"wp:attachment":[{"href":"https:\/\/yurtbakisi.com\/index.php?rest_route=%2Fwp%2Fv2%2Fmedia&parent=8331"}],"wp:term":[{"taxonomy":"category","embeddable":true,"href":"https:\/\/yurtbakisi.com\/index.php?rest_route=%2Fwp%2Fv2%2Fcategories&post=8331"},{"taxonomy":"post_tag","embeddable":true,"href":"https:\/\/yurtbakisi.com\/index.php?rest_route=%2Fwp%2Fv2%2Ftags&post=8331"},{"taxonomy":"yb_news_series","embeddable":true,"href":"https:\/\/yurtbakisi.com\/index.php?rest_route=%2Fwp%2Fv2%2Fyb_news_series&post=8331"},{"taxonomy":"yb_language","embeddable":true,"href":"https:\/\/yurtbakisi.com\/index.php?rest_route=%2Fwp%2Fv2%2Fyb_language&post=8331"}],"curies":[{"name":"wp","href":"https:\/\/api.w.org\/{rel}","templated":true}]}}