{"id":8336,"date":"2026-09-02T20:13:11","date_gmt":"2026-09-02T17:13:11","guid":{"rendered":"https:\/\/yurtbakisi.com\/?p=8336"},"modified":"2026-09-02T20:13:11","modified_gmt":"2026-09-02T17:13:11","slug":"ibrahim-tatlisesin-son-hali-gundem-oldu-gorenler-ayni-soruyu-sordu-magazin-haberleri-mynet","status":"publish","type":"post","link":"https:\/\/yurtbakisi.com\/?p=8336","title":{"rendered":"\u0130brahim Tatl\u0131ses\u2019in son hali g\u00fcndem oldu: G\u00f6renler ayn\u0131 soruyu sordu &#8211; Magazin Haberleri &#8211; Mynet"},"content":{"rendered":"<div class=\"yb-imported-news-note\">\n<p>\u0130brahim Tatl\u0131ses\u2019in son hali g\u00fcndem oldu: G\u00f6renler ayn\u0131 soruyu sordu &#8211; Magazin Haberleri Mynet<\/p>\n<p><strong>Kaynak:<\/strong> Canl\u0131 Ak\u0131\u015f \u2014 Magazin \u2014 Ayr\u0131nt\u0131lar ve tam i\u00e7erik i\u00e7in <a href=\"https:\/\/news.google.com\/rss\/articles\/CBMirwFBVV95cUxQZlk3SXFvWVV5M0o1SFFldDhqOXpRdmItM0RncUxlYjFEX2V1cU5ITkxJWm9lWF9hcGFoeE1MUlNhYVF2VTdBa0JQcEhIT1hyWEk0NXdBb0UyaGdVN09ZcGt4eHFEOGpYYUI5bkZXaU5jSU85NTFfdFdiaXIyTWc3M0dxZ2ljRDVud2hmeWVOLWVyZFo2RnpmeEcyQWFfTzJpTWh0U1FuOWU0enRDR0hZ0gG0AUFVX3lxTE5WLUxVMkJDOGstQUdqRGJkNVVSMWhrcXV1VVUyUGZNQkw4bXA0VU5sNzYtWWZMT3RaTVl5dTJLY0huSEpXNndxY3JjSFR5RVJVUkNDRW5BYjhGd0tSZEF5bDJLckVaRXFuX25oc3lRczVZYl9PMm1nWWZnRFJ2R3l3bWtsTGdEM2RHamhydklxQ0lkdmFCY2cwN1QwTi1nNzNnZDlIRlZHTWN2b25kcHk0OWFCVQ?oc=5\" target=\"_blank\" rel=\"nofollow noopener noreferrer\">\u00f6zg\u00fcn haberi a\u00e7\u0131n<\/a>.<\/p>\n<p><small>Bu kay\u0131t RSS haber havuzuna k\u0131sa kaynak \u00f6zeti olarak al\u0131nm\u0131\u015ft\u0131r; \u00f6zg\u00fcn metnin tamam\u0131 kopyalanmam\u0131\u015ft\u0131r.<\/small><\/p>\n<\/div>\n","protected":false},"excerpt":{"rendered":"<p>\u0130brahim Tatl\u0131ses\u2019in son hali g\u00fcndem oldu: G\u00f6renler ayn\u0131 soruyu sordu &#8211; Magazin Haberleri Mynet<\/p>\n","protected":false},"author":1,"featured_media":0,"comment_status":"closed","ping_status":"closed","sticky":false,"template":"","format":"standard","meta":{"_yb_topic_hash":"0401e827238a47f838b962e2b7dfb8a4a6ba5468f79432963e0354dfbacf76fa","_yb_image_repair_status":"failed","_yb_image_repair_last":"2026-09-02 20:55:39","_yb_image_repair_attempts":1,"_yb_source_trust_score":93,"footnotes":""},"categories":[66,15,8,73],"tags":[108],"yb_news_series":[],"yb_language":[],"class_list":["post-8336","post","type-post","status-publish","format-standard","has-post-thumbnail","hentry","category-cemiyet-sosyal","category-magazin","category-sosyal-medya","category-viral","tag-canli-akis-magazin"],"blocksy_meta":[],"_links":{"self":[{"href":"https:\/\/yurtbakisi.com\/index.php?rest_route=\/wp\/v2\/posts\/8336","targetHints":{"allow":["GET"]}}],"collection":[{"href":"https:\/\/yurtbakisi.com\/index.php?rest_route=\/wp\/v2\/posts"}],"about":[{"href":"https:\/\/yurtbakisi.com\/index.php?rest_route=\/wp\/v2\/types\/post"}],"author":[{"embeddable":true,"href":"https:\/\/yurtbakisi.com\/index.php?rest_route=\/wp\/v2\/users\/1"}],"replies":[{"embeddable":true,"href":"https:\/\/yurtbakisi.com\/index.php?rest_route=%2Fwp%2Fv2%2Fcomments&post=8336"}],"version-history":[{"count":0,"href":"https:\/\/yurtbakisi.com\/index.php?rest_route=\/wp\/v2\/posts\/8336\/revisions"}],"wp:attachment":[{"href":"https:\/\/yurtbakisi.com\/index.php?rest_route=%2Fwp%2Fv2%2Fmedia&parent=8336"}],"wp:term":[{"taxonomy":"category","embeddable":true,"href":"https:\/\/yurtbakisi.com\/index.php?rest_route=%2Fwp%2Fv2%2Fcategories&post=8336"},{"taxonomy":"post_tag","embeddable":true,"href":"https:\/\/yurtbakisi.com\/index.php?rest_route=%2Fwp%2Fv2%2Ftags&post=8336"},{"taxonomy":"yb_news_series","embeddable":true,"href":"https:\/\/yurtbakisi.com\/index.php?rest_route=%2Fwp%2Fv2%2Fyb_news_series&post=8336"},{"taxonomy":"yb_language","embeddable":true,"href":"https:\/\/yurtbakisi.com\/index.php?rest_route=%2Fwp%2Fv2%2Fyb_language&post=8336"}],"curies":[{"name":"wp","href":"https:\/\/api.w.org\/{rel}","templated":true}]}}