{"id":8338,"date":"2026-09-02T20:25:30","date_gmt":"2026-09-02T17:25:30","guid":{"rendered":"https:\/\/yurtbakisi.com\/?p=8338"},"modified":"2026-09-02T20:25:30","modified_gmt":"2026-09-02T17:25:30","slug":"zeynep-bastik-ile-serkay-tutuncu-evlendi-haberturk","status":"publish","type":"post","link":"https:\/\/yurtbakisi.com\/?p=8338","title":{"rendered":"Zeynep Bast\u0131k ile Serkay T\u00fct\u00fcnc\u00fc evlendi &#8211; Habert\u00fcrk"},"content":{"rendered":"<div class=\"yb-imported-news-note\">\n<p>Zeynep Bast\u0131k ile Serkay T\u00fct\u00fcnc\u00fc evlendi Habert\u00fcrk<\/p>\n<p><strong>Kaynak:<\/strong> Canl\u0131 Ak\u0131\u015f \u2014 Magazin \u2014 Ayr\u0131nt\u0131lar ve tam i\u00e7erik i\u00e7in <a href=\"https:\/\/news.google.com\/rss\/articles\/CBMikAFBVV95cUxNZFBnUHlnQ2pRX3cwQXBiVzVOUmZmbTFvWmk4Y04wZHhPQWVOUmJ6QjBTbUZIYnRlRlZYSUFIRzNaOGY4dW9IenJMT29pYkVmRHJqdWQzM0lLcS1heXliaWtBY1JETHFwZzRXcjFjX2REdUVkOTdmWnBhenVPWVBvT3Y3SncxWVpfTnhvcTJUY1o?oc=5\" target=\"_blank\" rel=\"nofollow noopener noreferrer\">\u00f6zg\u00fcn haberi a\u00e7\u0131n<\/a>.<\/p>\n<p><small>Bu kay\u0131t RSS haber havuzuna k\u0131sa kaynak \u00f6zeti olarak al\u0131nm\u0131\u015ft\u0131r; \u00f6zg\u00fcn metnin tamam\u0131 kopyalanmam\u0131\u015ft\u0131r.<\/small><\/p>\n<\/div>\n","protected":false},"excerpt":{"rendered":"<p>Zeynep Bast\u0131k ile Serkay T\u00fct\u00fcnc\u00fc evlendi Habert\u00fcrk<\/p>\n","protected":false},"author":1,"featured_media":0,"comment_status":"closed","ping_status":"closed","sticky":false,"template":"","format":"standard","meta":{"_yb_topic_hash":"2230717df338c5dc0089ac53081d88b53d4f496381a35e158b0989cc939ec03b","_yb_image_repair_status":"failed","_yb_image_repair_last":"2026-09-02 20:55:39","_yb_image_repair_attempts":1,"_yb_source_trust_score":93,"footnotes":""},"categories":[9,66,68,15],"tags":[108],"yb_news_series":[],"yb_language":[],"class_list":["post-8338","post","type-post","status-publish","format-standard","has-post-thumbnail","hentry","category-cemiyet","category-cemiyet-sosyal","category-dugunler","category-magazin","tag-canli-akis-magazin"],"blocksy_meta":[],"_links":{"self":[{"href":"https:\/\/yurtbakisi.com\/index.php?rest_route=\/wp\/v2\/posts\/8338","targetHints":{"allow":["GET"]}}],"collection":[{"href":"https:\/\/yurtbakisi.com\/index.php?rest_route=\/wp\/v2\/posts"}],"about":[{"href":"https:\/\/yurtbakisi.com\/index.php?rest_route=\/wp\/v2\/types\/post"}],"author":[{"embeddable":true,"href":"https:\/\/yurtbakisi.com\/index.php?rest_route=\/wp\/v2\/users\/1"}],"replies":[{"embeddable":true,"href":"https:\/\/yurtbakisi.com\/index.php?rest_route=%2Fwp%2Fv2%2Fcomments&post=8338"}],"version-history":[{"count":0,"href":"https:\/\/yurtbakisi.com\/index.php?rest_route=\/wp\/v2\/posts\/8338\/revisions"}],"wp:attachment":[{"href":"https:\/\/yurtbakisi.com\/index.php?rest_route=%2Fwp%2Fv2%2Fmedia&parent=8338"}],"wp:term":[{"taxonomy":"category","embeddable":true,"href":"https:\/\/yurtbakisi.com\/index.php?rest_route=%2Fwp%2Fv2%2Fcategories&post=8338"},{"taxonomy":"post_tag","embeddable":true,"href":"https:\/\/yurtbakisi.com\/index.php?rest_route=%2Fwp%2Fv2%2Ftags&post=8338"},{"taxonomy":"yb_news_series","embeddable":true,"href":"https:\/\/yurtbakisi.com\/index.php?rest_route=%2Fwp%2Fv2%2Fyb_news_series&post=8338"},{"taxonomy":"yb_language","embeddable":true,"href":"https:\/\/yurtbakisi.com\/index.php?rest_route=%2Fwp%2Fv2%2Fyb_language&post=8338"}],"curies":[{"name":"wp","href":"https:\/\/api.w.org\/{rel}","templated":true}]}}