{"id":8349,"date":"2026-08-31T10:12:00","date_gmt":"2026-08-31T07:12:00","guid":{"rendered":"https:\/\/yurtbakisi.com\/?p=8349"},"modified":"2026-08-31T10:12:00","modified_gmt":"2026-08-31T07:12:00","slug":"cannes-film-festivalinde-altin-palmiye-kazanan-cristian-mungiu-imzali-fjord-filminden-ilk-fragman-yayinlandi-gzt","status":"publish","type":"post","link":"https:\/\/yurtbakisi.com\/?p=8349","title":{"rendered":"Cannes Film Festivali&#8217;nde Alt\u0131n Palmiye kazanan Cristian Mungiu imzal\u0131 Fjord filminden ilk fragman yay\u0131nland\u0131 &#8211; GZT"},"content":{"rendered":"<div class=\"yb-imported-news-note\">\n<p>Cannes Film Festivali&#039;nde Alt\u0131n Palmiye kazanan Cristian Mungiu imzal\u0131 Fjord filminden ilk fragman yay\u0131nland\u0131 GZT<\/p>\n<p><strong>Kaynak:<\/strong> Canl\u0131 Ak\u0131\u015f \u2014 Sinema \u2014 Ayr\u0131nt\u0131lar ve tam i\u00e7erik i\u00e7in <a href=\"https:\/\/news.google.com\/rss\/articles\/CBMi2wFBVV95cUxPb1FDLTh4RGlGZWhvZzhKcThVb3duMzZMeU95QXNOUUNTUVJ4NkFDNzhOOVBYZV9mUUs3Rm0zN1dOemhOUDlIWjQwaEo3enZKeUZXWEhnSEhhQUZfNUtIVWxwQ2o4X2E4dFhIdWZuVEZ5TzZCZWt1VjNET0REZWtGWVpaTmJ2X21ZZlExNkVCclJ5M05FazNFQXBnS3hEV2pDYmFUV3dvYmFGbVFHbk9nNUZRbklHQ3ZMUnY2cllYcnBmNndoUXlMd0xwUnRtZDYzV0M1aF8tTmFFMzg?oc=5\" target=\"_blank\" rel=\"nofollow noopener noreferrer\">\u00f6zg\u00fcn haberi a\u00e7\u0131n<\/a>.<\/p>\n<p><small>Bu kay\u0131t RSS haber havuzuna k\u0131sa kaynak \u00f6zeti olarak al\u0131nm\u0131\u015ft\u0131r; \u00f6zg\u00fcn metnin tamam\u0131 kopyalanmam\u0131\u015ft\u0131r.<\/small><\/p>\n<\/div>\n","protected":false},"excerpt":{"rendered":"<p>Cannes Film Festivali&#8217;nde Alt\u0131n Palmiye kazanan Cristian Mungiu imzal\u0131 Fjord filminden ilk fragman yay\u0131nland\u0131 GZT<\/p>\n","protected":false},"author":1,"featured_media":0,"comment_status":"closed","ping_status":"closed","sticky":false,"template":"","format":"standard","meta":{"_yb_topic_hash":"58a89dbf25854d6837cffa75668b9838d87d02ec03f1eafe4d276496e08ffae4","_yb_image_repair_status":"","_yb_image_repair_last":"","_yb_image_repair_attempts":0,"_yb_source_trust_score":88,"footnotes":""},"categories":[50,47,4],"tags":[124,109,123],"yb_news_series":[],"yb_language":[],"class_list":["post-8349","post","type-post","status-publish","format-standard","has-post-thumbnail","hentry","category-film-festivalleri","category-film-haberleri","category-sinema","tag-canli-akis-sinema","tag-muzik","tag-sinema"],"blocksy_meta":[],"_links":{"self":[{"href":"https:\/\/yurtbakisi.com\/index.php?rest_route=\/wp\/v2\/posts\/8349","targetHints":{"allow":["GET"]}}],"collection":[{"href":"https:\/\/yurtbakisi.com\/index.php?rest_route=\/wp\/v2\/posts"}],"about":[{"href":"https:\/\/yurtbakisi.com\/index.php?rest_route=\/wp\/v2\/types\/post"}],"author":[{"embeddable":true,"href":"https:\/\/yurtbakisi.com\/index.php?rest_route=\/wp\/v2\/users\/1"}],"replies":[{"embeddable":true,"href":"https:\/\/yurtbakisi.com\/index.php?rest_route=%2Fwp%2Fv2%2Fcomments&post=8349"}],"version-history":[{"count":0,"href":"https:\/\/yurtbakisi.com\/index.php?rest_route=\/wp\/v2\/posts\/8349\/revisions"}],"wp:attachment":[{"href":"https:\/\/yurtbakisi.com\/index.php?rest_route=%2Fwp%2Fv2%2Fmedia&parent=8349"}],"wp:term":[{"taxonomy":"category","embeddable":true,"href":"https:\/\/yurtbakisi.com\/index.php?rest_route=%2Fwp%2Fv2%2Fcategories&post=8349"},{"taxonomy":"post_tag","embeddable":true,"href":"https:\/\/yurtbakisi.com\/index.php?rest_route=%2Fwp%2Fv2%2Ftags&post=8349"},{"taxonomy":"yb_news_series","embeddable":true,"href":"https:\/\/yurtbakisi.com\/index.php?rest_route=%2Fwp%2Fv2%2Fyb_news_series&post=8349"},{"taxonomy":"yb_language","embeddable":true,"href":"https:\/\/yurtbakisi.com\/index.php?rest_route=%2Fwp%2Fv2%2Fyb_language&post=8349"}],"curies":[{"name":"wp","href":"https:\/\/api.w.org\/{rel}","templated":true}]}}