{"id":8356,"date":"2026-09-02T23:02:41","date_gmt":"2026-09-02T20:02:41","guid":{"rendered":"https:\/\/yurtbakisi.com\/?p=8356"},"modified":"2026-09-02T23:02:57","modified_gmt":"2026-09-02T20:02:57","slug":"havacilik-sektorunun-liderleri-istanbulda-bulustu","status":"publish","type":"post","link":"https:\/\/yurtbakisi.com\/?p=8356","title":{"rendered":"Havac\u0131l\u0131k sekt\u00f6r\u00fcn\u00fcn liderleri \u0130stanbul&#039;da bulu\u015ftu"},"content":{"rendered":"<p>\u0130stanbul Havaliman\u0131 i\u015fletmecisi \u0130GA&#039;n\u0131n ev sahipli\u011finde\u200b\u200b\u200b\u200b\u200b\u200b\u200b, Uluslararas\u0131 Havalimanlar\u0131 Konseyi (ACI World) taraf\u0131ndan d\u00fczenlenen &quot;D\u00fcnya Havalimanlar\u0131 Deneyim Zirvesi 2026&quot;, k\u00fcresel havac\u0131l\u0131\u011f\u0131n liderlerini \u0130stanbul&#039;da bir araya getirdi.<\/p>\n<p><strong>Kaynak:<\/strong> TRT Haber \u2014 <a href=\"https:\/\/www.trthaber.com\/haber\/turkiye\/havacilik-sektorunun-liderleri-istanbulda-bulustu-955714.html\" target=\"_blank\" rel=\"nofollow noopener\">Haberin devam\u0131n\u0131 \u00f6zg\u00fcn kayna\u011f\u0131nda oku<\/a><\/p>\n","protected":false},"excerpt":{"rendered":"<p>\u0130stanbul Havaliman\u0131 i\u015fletmecisi \u0130GA&#8217;n\u0131n ev sahipli\u011finde\u200b\u200b\u200b\u200b\u200b\u200b\u200b, Uluslararas\u0131 Havalimanlar\u0131 Konseyi (ACI World) taraf\u0131ndan d\u00fczenlenen &#8220;D\u00fcnya Havalimanlar\u0131 Deneyim Zirvesi 2026&#8221;, k\u00fcresel havac\u0131l\u0131\u011f\u0131n liderlerini \u0130stanbul&#8217;da bir araya getirdi.<\/p>\n","protected":false},"author":0,"featured_media":8357,"comment_status":"closed","ping_status":"closed","sticky":false,"template":"","format":"standard","meta":{"_yb_topic_hash":"c31693dea9a3fb063a494b72a3b13d5c941ba6bf45d88dfc18e938cff89a46f2","_yb_image_repair_status":"","_yb_image_repair_last":"","_yb_image_repair_attempts":0,"_yb_source_trust_score":0,"footnotes":""},"categories":[154],"tags":[],"yb_news_series":[],"yb_language":[],"class_list":["post-8356","post","type-post","status-publish","format-standard","has-post-thumbnail","hentry","category-turkiye"],"blocksy_meta":[],"_links":{"self":[{"href":"https:\/\/yurtbakisi.com\/index.php?rest_route=\/wp\/v2\/posts\/8356","targetHints":{"allow":["GET"]}}],"collection":[{"href":"https:\/\/yurtbakisi.com\/index.php?rest_route=\/wp\/v2\/posts"}],"about":[{"href":"https:\/\/yurtbakisi.com\/index.php?rest_route=\/wp\/v2\/types\/post"}],"replies":[{"embeddable":true,"href":"https:\/\/yurtbakisi.com\/index.php?rest_route=%2Fwp%2Fv2%2Fcomments&post=8356"}],"version-history":[{"count":1,"href":"https:\/\/yurtbakisi.com\/index.php?rest_route=\/wp\/v2\/posts\/8356\/revisions"}],"predecessor-version":[{"id":8358,"href":"https:\/\/yurtbakisi.com\/index.php?rest_route=\/wp\/v2\/posts\/8356\/revisions\/8358"}],"wp:featuredmedia":[{"embeddable":true,"href":"https:\/\/yurtbakisi.com\/index.php?rest_route=\/wp\/v2\/media\/8357"}],"wp:attachment":[{"href":"https:\/\/yurtbakisi.com\/index.php?rest_route=%2Fwp%2Fv2%2Fmedia&parent=8356"}],"wp:term":[{"taxonomy":"category","embeddable":true,"href":"https:\/\/yurtbakisi.com\/index.php?rest_route=%2Fwp%2Fv2%2Fcategories&post=8356"},{"taxonomy":"post_tag","embeddable":true,"href":"https:\/\/yurtbakisi.com\/index.php?rest_route=%2Fwp%2Fv2%2Ftags&post=8356"},{"taxonomy":"yb_news_series","embeddable":true,"href":"https:\/\/yurtbakisi.com\/index.php?rest_route=%2Fwp%2Fv2%2Fyb_news_series&post=8356"},{"taxonomy":"yb_language","embeddable":true,"href":"https:\/\/yurtbakisi.com\/index.php?rest_route=%2Fwp%2Fv2%2Fyb_language&post=8356"}],"curies":[{"name":"wp","href":"https:\/\/api.w.org\/{rel}","templated":true}]}}