{"id":8359,"date":"2026-09-02T23:03:08","date_gmt":"2026-09-02T20:03:08","guid":{"rendered":"https:\/\/yurtbakisi.com\/?p=8359"},"modified":"2026-09-02T23:03:22","modified_gmt":"2026-09-02T20:03:22","slug":"soykirimci-israil-ordusu-ile-isgalci-israilliler-bati-seriada-bir-koye-baskin-duzenledi","status":"publish","type":"post","link":"https:\/\/yurtbakisi.com\/?p=8359","title":{"rendered":"Soyk\u0131r\u0131mc\u0131 \u0130srail ordusu ile i\u015fgalci \u0130srailliler, Bat\u0131 \u015eeria&#039;da bir k\u00f6ye bask\u0131n d\u00fczenledi"},"content":{"rendered":"<p>\u0130srail ordusu ile Filistin topraklar\u0131n\u0131 gasbeden \u0130sraillilerin, i\u015fgal alt\u0131ndaki Bat\u0131 \u015eeria&#039;da bir k\u00f6ye d\u00fczenledi\u011fi bask\u0131nda 2 Filistinli yaraland\u0131.<\/p>\n<p><strong>Kaynak:<\/strong> TRT Haber \u2014 <a href=\"https:\/\/www.trthaber.com\/haber\/dunya\/soykirimci-israil-ordusu-ile-isgalci-israilliler-bati-seriada-bir-koye-baskin-duzenledi-955716.html\" target=\"_blank\" rel=\"nofollow noopener\">Haberin devam\u0131n\u0131 \u00f6zg\u00fcn kayna\u011f\u0131nda oku<\/a><\/p>\n","protected":false},"excerpt":{"rendered":"<p>\u0130srail ordusu ile Filistin topraklar\u0131n\u0131 gasbeden \u0130sraillilerin, i\u015fgal alt\u0131ndaki Bat\u0131 \u015eeria&#8217;da bir k\u00f6ye d\u00fczenledi\u011fi bask\u0131nda 2 Filistinli yaraland\u0131.<\/p>\n","protected":false},"author":0,"featured_media":8360,"comment_status":"closed","ping_status":"closed","sticky":false,"template":"","format":"standard","meta":{"_yb_topic_hash":"b178fa627e5d7250c7c6a292684ae954f1dd358ae288daf86b33681fd245b913","_yb_image_repair_status":"","_yb_image_repair_last":"","_yb_image_repair_attempts":0,"_yb_source_trust_score":0,"footnotes":""},"categories":[155],"tags":[],"yb_news_series":[],"yb_language":[],"class_list":["post-8359","post","type-post","status-publish","format-standard","has-post-thumbnail","hentry","category-dunya"],"blocksy_meta":[],"_links":{"self":[{"href":"https:\/\/yurtbakisi.com\/index.php?rest_route=\/wp\/v2\/posts\/8359","targetHints":{"allow":["GET"]}}],"collection":[{"href":"https:\/\/yurtbakisi.com\/index.php?rest_route=\/wp\/v2\/posts"}],"about":[{"href":"https:\/\/yurtbakisi.com\/index.php?rest_route=\/wp\/v2\/types\/post"}],"replies":[{"embeddable":true,"href":"https:\/\/yurtbakisi.com\/index.php?rest_route=%2Fwp%2Fv2%2Fcomments&post=8359"}],"version-history":[{"count":1,"href":"https:\/\/yurtbakisi.com\/index.php?rest_route=\/wp\/v2\/posts\/8359\/revisions"}],"predecessor-version":[{"id":8361,"href":"https:\/\/yurtbakisi.com\/index.php?rest_route=\/wp\/v2\/posts\/8359\/revisions\/8361"}],"wp:featuredmedia":[{"embeddable":true,"href":"https:\/\/yurtbakisi.com\/index.php?rest_route=\/wp\/v2\/media\/8360"}],"wp:attachment":[{"href":"https:\/\/yurtbakisi.com\/index.php?rest_route=%2Fwp%2Fv2%2Fmedia&parent=8359"}],"wp:term":[{"taxonomy":"category","embeddable":true,"href":"https:\/\/yurtbakisi.com\/index.php?rest_route=%2Fwp%2Fv2%2Fcategories&post=8359"},{"taxonomy":"post_tag","embeddable":true,"href":"https:\/\/yurtbakisi.com\/index.php?rest_route=%2Fwp%2Fv2%2Ftags&post=8359"},{"taxonomy":"yb_news_series","embeddable":true,"href":"https:\/\/yurtbakisi.com\/index.php?rest_route=%2Fwp%2Fv2%2Fyb_news_series&post=8359"},{"taxonomy":"yb_language","embeddable":true,"href":"https:\/\/yurtbakisi.com\/index.php?rest_route=%2Fwp%2Fv2%2Fyb_language&post=8359"}],"curies":[{"name":"wp","href":"https:\/\/api.w.org\/{rel}","templated":true}]}}