{"id":8362,"date":"2026-09-02T23:03:31","date_gmt":"2026-09-02T20:03:31","guid":{"rendered":"https:\/\/yurtbakisi.com\/?p=8362"},"modified":"2026-09-02T23:03:38","modified_gmt":"2026-09-02T20:03:38","slug":"kktcdeki-gemi-kazasinda-bir-kisinin-daha-cenazesine-ulasildi","status":"publish","type":"post","link":"https:\/\/yurtbakisi.com\/?p=8362","title":{"rendered":"KKTC&#039;deki gemi kazas\u0131nda bir ki\u015finin daha cenazesine ula\u015f\u0131ld\u0131"},"content":{"rendered":"<p>Girne a\u00e7\u0131klar\u0131nda ge\u00e7en pazar g\u00fcn\u00fc alabora olan yolcu gemisinde kaybolan 20 ki\u015fiyi arama \u00e7al\u0131\u015fmalar\u0131 s\u00fcr\u00fcyor. KKTC Ba\u015fbakan\u0131 \u00dcnal \u00dcstel, bir ki\u015finin daha cenazesine ula\u015f\u0131ld\u0131\u011f\u0131n\u0131 a\u00e7\u0131klad\u0131.<\/p>\n<p><strong>Kaynak:<\/strong> TRT Haber \u2014 <a href=\"https:\/\/www.trthaber.com\/haber\/gundem\/kktcdeki-gemi-kazasinda-bir-kisinin-daha-cenazesine-ulasildi-955699.html\" target=\"_blank\" rel=\"nofollow noopener\">Haberin devam\u0131n\u0131 \u00f6zg\u00fcn kayna\u011f\u0131nda oku<\/a><\/p>\n","protected":false},"excerpt":{"rendered":"<p>Girne a\u00e7\u0131klar\u0131nda ge\u00e7en pazar g\u00fcn\u00fc alabora olan yolcu gemisinde kaybolan 20 ki\u015fiyi arama \u00e7al\u0131\u015fmalar\u0131 s\u00fcr\u00fcyor. KKTC Ba\u015fbakan\u0131 \u00dcnal \u00dcstel, bir ki\u015finin daha cenazesine ula\u015f\u0131ld\u0131\u011f\u0131n\u0131 a\u00e7\u0131klad\u0131.<\/p>\n","protected":false},"author":0,"featured_media":8363,"comment_status":"closed","ping_status":"closed","sticky":false,"template":"","format":"standard","meta":{"_yb_topic_hash":"ff8367d3fa0039ba4e7c31b039431df670c68be5cd6b004e9c00bc59b6024f42","_yb_image_repair_status":"","_yb_image_repair_last":"","_yb_image_repair_attempts":0,"_yb_source_trust_score":0,"footnotes":""},"categories":[153],"tags":[],"yb_news_series":[],"yb_language":[],"class_list":["post-8362","post","type-post","status-publish","format-standard","has-post-thumbnail","hentry","category-gundem"],"blocksy_meta":[],"_links":{"self":[{"href":"https:\/\/yurtbakisi.com\/index.php?rest_route=\/wp\/v2\/posts\/8362","targetHints":{"allow":["GET"]}}],"collection":[{"href":"https:\/\/yurtbakisi.com\/index.php?rest_route=\/wp\/v2\/posts"}],"about":[{"href":"https:\/\/yurtbakisi.com\/index.php?rest_route=\/wp\/v2\/types\/post"}],"replies":[{"embeddable":true,"href":"https:\/\/yurtbakisi.com\/index.php?rest_route=%2Fwp%2Fv2%2Fcomments&post=8362"}],"version-history":[{"count":1,"href":"https:\/\/yurtbakisi.com\/index.php?rest_route=\/wp\/v2\/posts\/8362\/revisions"}],"predecessor-version":[{"id":8364,"href":"https:\/\/yurtbakisi.com\/index.php?rest_route=\/wp\/v2\/posts\/8362\/revisions\/8364"}],"wp:featuredmedia":[{"embeddable":true,"href":"https:\/\/yurtbakisi.com\/index.php?rest_route=\/wp\/v2\/media\/8363"}],"wp:attachment":[{"href":"https:\/\/yurtbakisi.com\/index.php?rest_route=%2Fwp%2Fv2%2Fmedia&parent=8362"}],"wp:term":[{"taxonomy":"category","embeddable":true,"href":"https:\/\/yurtbakisi.com\/index.php?rest_route=%2Fwp%2Fv2%2Fcategories&post=8362"},{"taxonomy":"post_tag","embeddable":true,"href":"https:\/\/yurtbakisi.com\/index.php?rest_route=%2Fwp%2Fv2%2Ftags&post=8362"},{"taxonomy":"yb_news_series","embeddable":true,"href":"https:\/\/yurtbakisi.com\/index.php?rest_route=%2Fwp%2Fv2%2Fyb_news_series&post=8362"},{"taxonomy":"yb_language","embeddable":true,"href":"https:\/\/yurtbakisi.com\/index.php?rest_route=%2Fwp%2Fv2%2Fyb_language&post=8362"}],"curies":[{"name":"wp","href":"https:\/\/api.w.org\/{rel}","templated":true}]}}