{"id":8372,"date":"2026-09-02T23:57:13","date_gmt":"2026-09-02T20:57:13","guid":{"rendered":"https:\/\/yurtbakisi.com\/?p=8372"},"modified":"2026-09-02T23:57:23","modified_gmt":"2026-09-02T20:57:23","slug":"istanbulda-otopark-yangini-27-kisi-hastaneye-kaldirildi","status":"publish","type":"post","link":"https:\/\/yurtbakisi.com\/?p=8372","title":{"rendered":"\u0130stanbul&#039;da otopark yang\u0131n\u0131: 27 ki\u015fi hastaneye kald\u0131r\u0131ld\u0131"},"content":{"rendered":"<p>\u0130stanbul Esenyurt&#039;ta sitenin otopark\u0131nda park halindeki ara\u00e7larda \u00e7\u0131kan yang\u0131n nedeniyle olu\u015fan duman\u0131n binaya dolmas\u0131 sonucu 27 ki\u015fi hastaneye kald\u0131r\u0131ld\u0131.<\/p>\n<p><strong>Kaynak:<\/strong> TRT Haber \u2014 <a href=\"https:\/\/www.trthaber.com\/haber\/turkiye\/istanbulda-otopark-yangini-27-kisi-hastaneye-kaldirildi-955709.html\" target=\"_blank\" rel=\"nofollow noopener\">Haberin devam\u0131n\u0131 \u00f6zg\u00fcn kayna\u011f\u0131nda oku<\/a><\/p>\n","protected":false},"excerpt":{"rendered":"<p>\u0130stanbul Esenyurt&#8217;ta sitenin otopark\u0131nda park halindeki ara\u00e7larda \u00e7\u0131kan yang\u0131n nedeniyle olu\u015fan duman\u0131n binaya dolmas\u0131 sonucu 27 ki\u015fi hastaneye kald\u0131r\u0131ld\u0131.<\/p>\n","protected":false},"author":0,"featured_media":8373,"comment_status":"closed","ping_status":"closed","sticky":false,"template":"","format":"standard","meta":{"_yb_topic_hash":"a6d7593a98e492e9549c5c39a09c411ea199fc0821d8490463ac55e90fea4409","_yb_image_repair_status":"","_yb_image_repair_last":"","_yb_image_repair_attempts":0,"_yb_source_trust_score":0,"footnotes":""},"categories":[154],"tags":[],"yb_news_series":[],"yb_language":[],"class_list":["post-8372","post","type-post","status-publish","format-standard","has-post-thumbnail","hentry","category-turkiye"],"blocksy_meta":[],"_links":{"self":[{"href":"https:\/\/yurtbakisi.com\/index.php?rest_route=\/wp\/v2\/posts\/8372","targetHints":{"allow":["GET"]}}],"collection":[{"href":"https:\/\/yurtbakisi.com\/index.php?rest_route=\/wp\/v2\/posts"}],"about":[{"href":"https:\/\/yurtbakisi.com\/index.php?rest_route=\/wp\/v2\/types\/post"}],"replies":[{"embeddable":true,"href":"https:\/\/yurtbakisi.com\/index.php?rest_route=%2Fwp%2Fv2%2Fcomments&post=8372"}],"version-history":[{"count":1,"href":"https:\/\/yurtbakisi.com\/index.php?rest_route=\/wp\/v2\/posts\/8372\/revisions"}],"predecessor-version":[{"id":8374,"href":"https:\/\/yurtbakisi.com\/index.php?rest_route=\/wp\/v2\/posts\/8372\/revisions\/8374"}],"wp:featuredmedia":[{"embeddable":true,"href":"https:\/\/yurtbakisi.com\/index.php?rest_route=\/wp\/v2\/media\/8373"}],"wp:attachment":[{"href":"https:\/\/yurtbakisi.com\/index.php?rest_route=%2Fwp%2Fv2%2Fmedia&parent=8372"}],"wp:term":[{"taxonomy":"category","embeddable":true,"href":"https:\/\/yurtbakisi.com\/index.php?rest_route=%2Fwp%2Fv2%2Fcategories&post=8372"},{"taxonomy":"post_tag","embeddable":true,"href":"https:\/\/yurtbakisi.com\/index.php?rest_route=%2Fwp%2Fv2%2Ftags&post=8372"},{"taxonomy":"yb_news_series","embeddable":true,"href":"https:\/\/yurtbakisi.com\/index.php?rest_route=%2Fwp%2Fv2%2Fyb_news_series&post=8372"},{"taxonomy":"yb_language","embeddable":true,"href":"https:\/\/yurtbakisi.com\/index.php?rest_route=%2Fwp%2Fv2%2Fyb_language&post=8372"}],"curies":[{"name":"wp","href":"https:\/\/api.w.org\/{rel}","templated":true}]}}