{"id":8384,"date":"2026-09-03T00:01:39","date_gmt":"2026-09-02T21:01:39","guid":{"rendered":"https:\/\/yurtbakisi.com\/?p=8384"},"modified":"2026-09-03T00:01:58","modified_gmt":"2026-09-02T21:01:58","slug":"ovp-ekonominin-uc-yillik-rotasini-cizecek","status":"publish","type":"post","link":"https:\/\/yurtbakisi.com\/?p=8384","title":{"rendered":"OVP ekonominin \u00fc\u00e7 y\u0131ll\u0131k rotas\u0131n\u0131 \u00e7izecek"},"content":{"rendered":"<p>T\u00fcrkiye ekonomisinin rotas\u0131n\u0131 \u00e7izen yeni Orta Vadeli Program&#039;\u0131n (OVP) pazar g\u00fcn\u00fc kamuoyuna duyurulmas\u0131yla fiyat istikrar\u0131ndan b\u00fcy\u00fcmeye, istihdamdan finansa kadar \u00e7e\u015fitli konularda hedefler belli olacak.<\/p>\n<p><strong>Kaynak:<\/strong> TRT Haber \u2014 <a href=\"https:\/\/www.trthaber.com\/haber\/ekonomi\/ovp-ekonominin-uc-yillik-rotasini-cizecek-955680.html\" target=\"_blank\" rel=\"nofollow noopener\">Haberin devam\u0131n\u0131 \u00f6zg\u00fcn kayna\u011f\u0131nda oku<\/a><\/p>\n","protected":false},"excerpt":{"rendered":"<p>T\u00fcrkiye ekonomisinin rotas\u0131n\u0131 \u00e7izen yeni Orta Vadeli Program&#8217;\u0131n (OVP) pazar g\u00fcn\u00fc kamuoyuna duyurulmas\u0131yla fiyat istikrar\u0131ndan b\u00fcy\u00fcmeye, istihdamdan finansa kadar \u00e7e\u015fitli konularda hedefler belli olacak.<\/p>\n","protected":false},"author":0,"featured_media":8385,"comment_status":"closed","ping_status":"closed","sticky":false,"template":"","format":"standard","meta":{"_yb_topic_hash":"7f09bde2413e93b8a159b0af577aaf4a80cdd1c16fa45bc31619c045c40d0aee","_yb_image_repair_status":"","_yb_image_repair_last":"","_yb_image_repair_attempts":0,"_yb_source_trust_score":0,"footnotes":""},"categories":[156],"tags":[],"yb_news_series":[],"yb_language":[],"class_list":["post-8384","post","type-post","status-publish","format-standard","has-post-thumbnail","hentry","category-ekonomi"],"blocksy_meta":[],"_links":{"self":[{"href":"https:\/\/yurtbakisi.com\/index.php?rest_route=\/wp\/v2\/posts\/8384","targetHints":{"allow":["GET"]}}],"collection":[{"href":"https:\/\/yurtbakisi.com\/index.php?rest_route=\/wp\/v2\/posts"}],"about":[{"href":"https:\/\/yurtbakisi.com\/index.php?rest_route=\/wp\/v2\/types\/post"}],"replies":[{"embeddable":true,"href":"https:\/\/yurtbakisi.com\/index.php?rest_route=%2Fwp%2Fv2%2Fcomments&post=8384"}],"version-history":[{"count":1,"href":"https:\/\/yurtbakisi.com\/index.php?rest_route=\/wp\/v2\/posts\/8384\/revisions"}],"predecessor-version":[{"id":8386,"href":"https:\/\/yurtbakisi.com\/index.php?rest_route=\/wp\/v2\/posts\/8384\/revisions\/8386"}],"wp:featuredmedia":[{"embeddable":true,"href":"https:\/\/yurtbakisi.com\/index.php?rest_route=\/wp\/v2\/media\/8385"}],"wp:attachment":[{"href":"https:\/\/yurtbakisi.com\/index.php?rest_route=%2Fwp%2Fv2%2Fmedia&parent=8384"}],"wp:term":[{"taxonomy":"category","embeddable":true,"href":"https:\/\/yurtbakisi.com\/index.php?rest_route=%2Fwp%2Fv2%2Fcategories&post=8384"},{"taxonomy":"post_tag","embeddable":true,"href":"https:\/\/yurtbakisi.com\/index.php?rest_route=%2Fwp%2Fv2%2Ftags&post=8384"},{"taxonomy":"yb_news_series","embeddable":true,"href":"https:\/\/yurtbakisi.com\/index.php?rest_route=%2Fwp%2Fv2%2Fyb_news_series&post=8384"},{"taxonomy":"yb_language","embeddable":true,"href":"https:\/\/yurtbakisi.com\/index.php?rest_route=%2Fwp%2Fv2%2Fyb_language&post=8384"}],"curies":[{"name":"wp","href":"https:\/\/api.w.org\/{rel}","templated":true}]}}