{"id":8387,"date":"2026-09-03T00:02:12","date_gmt":"2026-09-02T21:02:12","guid":{"rendered":"https:\/\/yurtbakisi.com\/?p=8387"},"modified":"2026-09-03T00:02:27","modified_gmt":"2026-09-02T21:02:27","slug":"metrelerce-yuksekten-dusen-kapidan-saniyelerle-kurtuldu","status":"publish","type":"post","link":"https:\/\/yurtbakisi.com\/?p=8387","title":{"rendered":"Metrelerce y\u00fcksekten d\u00fc\u015fen kap\u0131dan saniyelerle kurtuldu"},"content":{"rendered":"<p>Karaman&#039;da bir kad\u0131n kald\u0131r\u0131mda y\u00fcr\u00fcyordu. O s\u0131rada \u00f6n\u00fcnden ge\u00e7ti\u011fi i\u015f merkezinin ikinci kat\u0131ndaki kap\u0131, b\u00fcy\u00fck bir h\u0131zla kald\u0131r\u0131ma d\u00fc\u015ft\u00fc. Kap\u0131n\u0131n alt\u0131nda kalmaktan son anda kurtulan kad\u0131n, aya\u011f\u0131ndan yaraland\u0131.<\/p>\n<p><strong>Kaynak:<\/strong> TRT Haber \u2014 <a href=\"https:\/\/www.trthaber.com\/haber\/turkiye\/metrelerce-yuksekten-dusen-kapidan-saniyelerle-kurtuldu-955703.html\" target=\"_blank\" rel=\"nofollow noopener\">Haberin devam\u0131n\u0131 \u00f6zg\u00fcn kayna\u011f\u0131nda oku<\/a><\/p>\n","protected":false},"excerpt":{"rendered":"<p>Karaman&#8217;da bir kad\u0131n kald\u0131r\u0131mda y\u00fcr\u00fcyordu. O s\u0131rada \u00f6n\u00fcnden ge\u00e7ti\u011fi i\u015f merkezinin ikinci kat\u0131ndaki kap\u0131, b\u00fcy\u00fck bir h\u0131zla kald\u0131r\u0131ma d\u00fc\u015ft\u00fc. Kap\u0131n\u0131n alt\u0131nda kalmaktan son anda kurtulan kad\u0131n, aya\u011f\u0131ndan yaraland\u0131.<\/p>\n","protected":false},"author":0,"featured_media":8388,"comment_status":"closed","ping_status":"closed","sticky":false,"template":"","format":"standard","meta":{"_yb_topic_hash":"908a55ead41de11de3f6de9b60e6d25d9b79379b6ffb465799d0b30f0bb3e221","_yb_image_repair_status":"","_yb_image_repair_last":"","_yb_image_repair_attempts":0,"_yb_source_trust_score":0,"footnotes":""},"categories":[154],"tags":[],"yb_news_series":[],"yb_language":[],"class_list":["post-8387","post","type-post","status-publish","format-standard","has-post-thumbnail","hentry","category-turkiye"],"blocksy_meta":[],"_links":{"self":[{"href":"https:\/\/yurtbakisi.com\/index.php?rest_route=\/wp\/v2\/posts\/8387","targetHints":{"allow":["GET"]}}],"collection":[{"href":"https:\/\/yurtbakisi.com\/index.php?rest_route=\/wp\/v2\/posts"}],"about":[{"href":"https:\/\/yurtbakisi.com\/index.php?rest_route=\/wp\/v2\/types\/post"}],"replies":[{"embeddable":true,"href":"https:\/\/yurtbakisi.com\/index.php?rest_route=%2Fwp%2Fv2%2Fcomments&post=8387"}],"version-history":[{"count":1,"href":"https:\/\/yurtbakisi.com\/index.php?rest_route=\/wp\/v2\/posts\/8387\/revisions"}],"predecessor-version":[{"id":8389,"href":"https:\/\/yurtbakisi.com\/index.php?rest_route=\/wp\/v2\/posts\/8387\/revisions\/8389"}],"wp:featuredmedia":[{"embeddable":true,"href":"https:\/\/yurtbakisi.com\/index.php?rest_route=\/wp\/v2\/media\/8388"}],"wp:attachment":[{"href":"https:\/\/yurtbakisi.com\/index.php?rest_route=%2Fwp%2Fv2%2Fmedia&parent=8387"}],"wp:term":[{"taxonomy":"category","embeddable":true,"href":"https:\/\/yurtbakisi.com\/index.php?rest_route=%2Fwp%2Fv2%2Fcategories&post=8387"},{"taxonomy":"post_tag","embeddable":true,"href":"https:\/\/yurtbakisi.com\/index.php?rest_route=%2Fwp%2Fv2%2Ftags&post=8387"},{"taxonomy":"yb_news_series","embeddable":true,"href":"https:\/\/yurtbakisi.com\/index.php?rest_route=%2Fwp%2Fv2%2Fyb_news_series&post=8387"},{"taxonomy":"yb_language","embeddable":true,"href":"https:\/\/yurtbakisi.com\/index.php?rest_route=%2Fwp%2Fv2%2Fyb_language&post=8387"}],"curies":[{"name":"wp","href":"https:\/\/api.w.org\/{rel}","templated":true}]}}