{"id":8392,"date":"2026-09-02T23:53:28","date_gmt":"2026-09-02T20:53:28","guid":{"rendered":"https:\/\/yurtbakisi.com\/?p=8392"},"modified":"2026-09-02T23:53:28","modified_gmt":"2026-09-02T20:53:28","slug":"nilgun-belgunden-duygulandiran-defne-joy-foster-paylasimi-isiklar-icinde-uyusun-milliyet","status":"publish","type":"post","link":"https:\/\/yurtbakisi.com\/?p=8392","title":{"rendered":"Nilg\u00fcn Belg\u00fcn&#8217;den duyguland\u0131ran Defne Joy Foster payla\u015f\u0131m\u0131! &#8216;I\u015f\u0131klar i\u00e7inde uyusun&#8217; &#8211; Milliyet"},"content":{"rendered":"<div class=\"yb-imported-news-note\">\n<p>Nilg\u00fcn Belg\u00fcn&#039;den duyguland\u0131ran Defne Joy Foster payla\u015f\u0131m\u0131! &#039;I\u015f\u0131klar i\u00e7inde uyusun&#039; Milliyet<\/p>\n<p><strong>Kaynak:<\/strong> Canl\u0131 Ak\u0131\u015f \u2014 Magazin \u2014 Ayr\u0131nt\u0131lar ve tam i\u00e7erik i\u00e7in <a href=\"https:\/\/news.google.com\/rss\/articles\/CBMiwAFBVV95cUxORXRfclcwUHBPc202dWVJR3pwcU9QOUVrLWZVbnA3WFEySTFIdV9BR1VESEZwU0cxVzFjSTRPaGpNZDNCYXV5MzN4TTh3LWlBbkdJMlhXak1rWHdtR0xyakxfOHh2c3JkSlBQbzI1LTFmNHpXRWotbW1lR3A3TE5KcVdkX0pXRGh3VUl2bmxrX1dVal9felItRi0zVktSQnFhd3lpY1I5RHB1US0wSXl4MDFhcHNfSFRObXZqYzNBczU?oc=5\" target=\"_blank\" rel=\"nofollow noopener noreferrer\">\u00f6zg\u00fcn haberi a\u00e7\u0131n<\/a>.<\/p>\n<p><small>Bu kay\u0131t RSS haber havuzuna k\u0131sa kaynak \u00f6zeti olarak al\u0131nm\u0131\u015ft\u0131r; \u00f6zg\u00fcn metnin tamam\u0131 kopyalanmam\u0131\u015ft\u0131r.<\/small><\/p>\n<\/div>\n","protected":false},"excerpt":{"rendered":"<p>Nilg\u00fcn Belg\u00fcn&#8217;den duyguland\u0131ran Defne Joy Foster payla\u015f\u0131m\u0131! &#8216;I\u015f\u0131klar i\u00e7inde uyusun&#8217; Milliyet<\/p>\n","protected":false},"author":1,"featured_media":0,"comment_status":"closed","ping_status":"closed","sticky":false,"template":"","format":"standard","meta":{"_yb_topic_hash":"62916fc8aed075534bf50e00ad2801e1204f1fda1f4cb66737d7de9e8ff2833c","_yb_image_repair_status":"","_yb_image_repair_last":"","_yb_image_repair_attempts":0,"_yb_source_trust_score":93,"footnotes":""},"categories":[15],"tags":[108],"yb_news_series":[],"yb_language":[],"class_list":["post-8392","post","type-post","status-publish","format-standard","has-post-thumbnail","hentry","category-magazin","tag-canli-akis-magazin"],"blocksy_meta":[],"_links":{"self":[{"href":"https:\/\/yurtbakisi.com\/index.php?rest_route=\/wp\/v2\/posts\/8392","targetHints":{"allow":["GET"]}}],"collection":[{"href":"https:\/\/yurtbakisi.com\/index.php?rest_route=\/wp\/v2\/posts"}],"about":[{"href":"https:\/\/yurtbakisi.com\/index.php?rest_route=\/wp\/v2\/types\/post"}],"author":[{"embeddable":true,"href":"https:\/\/yurtbakisi.com\/index.php?rest_route=\/wp\/v2\/users\/1"}],"replies":[{"embeddable":true,"href":"https:\/\/yurtbakisi.com\/index.php?rest_route=%2Fwp%2Fv2%2Fcomments&post=8392"}],"version-history":[{"count":0,"href":"https:\/\/yurtbakisi.com\/index.php?rest_route=\/wp\/v2\/posts\/8392\/revisions"}],"wp:attachment":[{"href":"https:\/\/yurtbakisi.com\/index.php?rest_route=%2Fwp%2Fv2%2Fmedia&parent=8392"}],"wp:term":[{"taxonomy":"category","embeddable":true,"href":"https:\/\/yurtbakisi.com\/index.php?rest_route=%2Fwp%2Fv2%2Fcategories&post=8392"},{"taxonomy":"post_tag","embeddable":true,"href":"https:\/\/yurtbakisi.com\/index.php?rest_route=%2Fwp%2Fv2%2Ftags&post=8392"},{"taxonomy":"yb_news_series","embeddable":true,"href":"https:\/\/yurtbakisi.com\/index.php?rest_route=%2Fwp%2Fv2%2Fyb_news_series&post=8392"},{"taxonomy":"yb_language","embeddable":true,"href":"https:\/\/yurtbakisi.com\/index.php?rest_route=%2Fwp%2Fv2%2Fyb_language&post=8392"}],"curies":[{"name":"wp","href":"https:\/\/api.w.org\/{rel}","templated":true}]}}