{"id":8410,"date":"2026-09-03T00:57:01","date_gmt":"2026-09-02T21:57:01","guid":{"rendered":"https:\/\/yurtbakisi.com\/?p=8410"},"modified":"2026-09-03T00:57:09","modified_gmt":"2026-09-02T21:57:09","slug":"findik-iscilerini-tasiyan-traktor-devrildi-18-yarali","status":"publish","type":"post","link":"https:\/\/yurtbakisi.com\/?p=8410","title":{"rendered":"F\u0131nd\u0131k i\u015f\u00e7ilerini ta\u015f\u0131yan trakt\u00f6r devrildi: 18 yaral\u0131"},"content":{"rendered":"<p>Sakarya&#039;n\u0131n Hendek il\u00e7esinde f\u0131nd\u0131k i\u015f\u00e7ilerini ta\u015f\u0131yan trakt\u00f6r devrildi. Ya\u015fanan trafik kazas\u0131nda 18 ki\u015fi yaraland\u0131.<\/p>\n<p><strong>Kaynak:<\/strong> TRT Haber \u2014 <a href=\"https:\/\/www.trthaber.com\/haber\/turkiye\/findik-iscilerini-tasiyan-traktor-devrildi-18-yarali-955701.html\" target=\"_blank\" rel=\"nofollow noopener\">Haberin devam\u0131n\u0131 \u00f6zg\u00fcn kayna\u011f\u0131nda oku<\/a><\/p>\n","protected":false},"excerpt":{"rendered":"<p>Sakarya&#8217;n\u0131n Hendek il\u00e7esinde f\u0131nd\u0131k i\u015f\u00e7ilerini ta\u015f\u0131yan trakt\u00f6r devrildi. Ya\u015fanan trafik kazas\u0131nda 18 ki\u015fi yaraland\u0131.<\/p>\n","protected":false},"author":0,"featured_media":8411,"comment_status":"closed","ping_status":"closed","sticky":false,"template":"","format":"standard","meta":{"_yb_topic_hash":"3744712c0b03070035a0ee1ca609de4380e76526126fbd88ceb8f8e6518dff91","_yb_image_repair_status":"","_yb_image_repair_last":"","_yb_image_repair_attempts":0,"_yb_source_trust_score":0,"footnotes":""},"categories":[154],"tags":[],"yb_news_series":[],"yb_language":[],"class_list":["post-8410","post","type-post","status-publish","format-standard","has-post-thumbnail","hentry","category-turkiye"],"blocksy_meta":[],"_links":{"self":[{"href":"https:\/\/yurtbakisi.com\/index.php?rest_route=\/wp\/v2\/posts\/8410","targetHints":{"allow":["GET"]}}],"collection":[{"href":"https:\/\/yurtbakisi.com\/index.php?rest_route=\/wp\/v2\/posts"}],"about":[{"href":"https:\/\/yurtbakisi.com\/index.php?rest_route=\/wp\/v2\/types\/post"}],"replies":[{"embeddable":true,"href":"https:\/\/yurtbakisi.com\/index.php?rest_route=%2Fwp%2Fv2%2Fcomments&post=8410"}],"version-history":[{"count":1,"href":"https:\/\/yurtbakisi.com\/index.php?rest_route=\/wp\/v2\/posts\/8410\/revisions"}],"predecessor-version":[{"id":8412,"href":"https:\/\/yurtbakisi.com\/index.php?rest_route=\/wp\/v2\/posts\/8410\/revisions\/8412"}],"wp:featuredmedia":[{"embeddable":true,"href":"https:\/\/yurtbakisi.com\/index.php?rest_route=\/wp\/v2\/media\/8411"}],"wp:attachment":[{"href":"https:\/\/yurtbakisi.com\/index.php?rest_route=%2Fwp%2Fv2%2Fmedia&parent=8410"}],"wp:term":[{"taxonomy":"category","embeddable":true,"href":"https:\/\/yurtbakisi.com\/index.php?rest_route=%2Fwp%2Fv2%2Fcategories&post=8410"},{"taxonomy":"post_tag","embeddable":true,"href":"https:\/\/yurtbakisi.com\/index.php?rest_route=%2Fwp%2Fv2%2Ftags&post=8410"},{"taxonomy":"yb_news_series","embeddable":true,"href":"https:\/\/yurtbakisi.com\/index.php?rest_route=%2Fwp%2Fv2%2Fyb_news_series&post=8410"},{"taxonomy":"yb_language","embeddable":true,"href":"https:\/\/yurtbakisi.com\/index.php?rest_route=%2Fwp%2Fv2%2Fyb_language&post=8410"}],"curies":[{"name":"wp","href":"https:\/\/api.w.org\/{rel}","templated":true}]}}