{"id":8413,"date":"2026-09-03T00:57:19","date_gmt":"2026-09-02T21:57:19","guid":{"rendered":"https:\/\/yurtbakisi.com\/?p=8413"},"modified":"2026-09-03T00:57:26","modified_gmt":"2026-09-02T21:57:26","slug":"isgalci-israil-basbakani-netanyahu-iranda-yonetimi-devireceklerini-iddia-etti","status":"publish","type":"post","link":"https:\/\/yurtbakisi.com\/?p=8413","title":{"rendered":"\u0130\u015fgalci \u0130srail Ba\u015fbakan\u0131 Netanyahu, \u0130ran&#039;da y\u00f6netimi devireceklerini iddia etti"},"content":{"rendered":"<p>\u0130\u015fgalci \u0130srail Ba\u015fbakan\u0131 Binyamin Netanyahu, \u0130ran ile sava\u015f\u0131n hen\u00fcz bitmedi\u011fini ve &quot;\u0130ran&#039;da y\u00f6netimin d\u00fc\u015fece\u011fini&quot; \u00f6ne s\u00fcrd\u00fc.<\/p>\n<p><strong>Kaynak:<\/strong> TRT Haber \u2014 <a href=\"https:\/\/www.trthaber.com\/haber\/dunya\/isgalci-israil-basbakani-netanyahu-iranda-yonetimi-devireceklerini-iddia-etti-955711.html\" target=\"_blank\" rel=\"nofollow noopener\">Haberin devam\u0131n\u0131 \u00f6zg\u00fcn kayna\u011f\u0131nda oku<\/a><\/p>\n","protected":false},"excerpt":{"rendered":"<p>\u0130\u015fgalci \u0130srail Ba\u015fbakan\u0131 Binyamin Netanyahu, \u0130ran ile sava\u015f\u0131n hen\u00fcz bitmedi\u011fini ve &#8220;\u0130ran&#8217;da y\u00f6netimin d\u00fc\u015fece\u011fini&#8221; \u00f6ne s\u00fcrd\u00fc.<\/p>\n","protected":false},"author":0,"featured_media":8414,"comment_status":"closed","ping_status":"closed","sticky":false,"template":"","format":"standard","meta":{"_yb_topic_hash":"aec70245525237f360abd2119525e94fc60b49599fcec9982b05a7b2eba4cf37","_yb_image_repair_status":"","_yb_image_repair_last":"","_yb_image_repair_attempts":0,"_yb_source_trust_score":0,"footnotes":""},"categories":[155],"tags":[],"yb_news_series":[],"yb_language":[],"class_list":["post-8413","post","type-post","status-publish","format-standard","has-post-thumbnail","hentry","category-dunya"],"blocksy_meta":[],"_links":{"self":[{"href":"https:\/\/yurtbakisi.com\/index.php?rest_route=\/wp\/v2\/posts\/8413","targetHints":{"allow":["GET"]}}],"collection":[{"href":"https:\/\/yurtbakisi.com\/index.php?rest_route=\/wp\/v2\/posts"}],"about":[{"href":"https:\/\/yurtbakisi.com\/index.php?rest_route=\/wp\/v2\/types\/post"}],"replies":[{"embeddable":true,"href":"https:\/\/yurtbakisi.com\/index.php?rest_route=%2Fwp%2Fv2%2Fcomments&post=8413"}],"version-history":[{"count":1,"href":"https:\/\/yurtbakisi.com\/index.php?rest_route=\/wp\/v2\/posts\/8413\/revisions"}],"predecessor-version":[{"id":8415,"href":"https:\/\/yurtbakisi.com\/index.php?rest_route=\/wp\/v2\/posts\/8413\/revisions\/8415"}],"wp:featuredmedia":[{"embeddable":true,"href":"https:\/\/yurtbakisi.com\/index.php?rest_route=\/wp\/v2\/media\/8414"}],"wp:attachment":[{"href":"https:\/\/yurtbakisi.com\/index.php?rest_route=%2Fwp%2Fv2%2Fmedia&parent=8413"}],"wp:term":[{"taxonomy":"category","embeddable":true,"href":"https:\/\/yurtbakisi.com\/index.php?rest_route=%2Fwp%2Fv2%2Fcategories&post=8413"},{"taxonomy":"post_tag","embeddable":true,"href":"https:\/\/yurtbakisi.com\/index.php?rest_route=%2Fwp%2Fv2%2Ftags&post=8413"},{"taxonomy":"yb_news_series","embeddable":true,"href":"https:\/\/yurtbakisi.com\/index.php?rest_route=%2Fwp%2Fv2%2Fyb_news_series&post=8413"},{"taxonomy":"yb_language","embeddable":true,"href":"https:\/\/yurtbakisi.com\/index.php?rest_route=%2Fwp%2Fv2%2Fyb_language&post=8413"}],"curies":[{"name":"wp","href":"https:\/\/api.w.org\/{rel}","templated":true}]}}