{"id":8416,"date":"2026-09-03T00:57:31","date_gmt":"2026-09-02T21:57:31","guid":{"rendered":"https:\/\/yurtbakisi.com\/?p=8416"},"modified":"2026-09-03T00:57:35","modified_gmt":"2026-09-02T21:57:35","slug":"orta-vadeli-program-pazar-gunu-aciklanacak","status":"publish","type":"post","link":"https:\/\/yurtbakisi.com\/?p=8416","title":{"rendered":"Orta Vadeli Program pazar g\u00fcn\u00fc a\u00e7\u0131klanacak"},"content":{"rendered":"<p>Cumhurba\u015fkan\u0131 Yard\u0131mc\u0131s\u0131 Cevdet Y\u0131lmaz, &quot;Kat\u0131l\u0131mc\u0131 ve isti\u015fareye dayal\u0131 bir anlay\u0131\u015fla haz\u0131rlad\u0131\u011f\u0131m\u0131z 2027-2029 d\u00f6nemi OVP detaylar\u0131n\u0131 6 Eyl\u00fcl Pazar g\u00fcn\u00fc kamuoyuyla payla\u015fmay\u0131 planl\u0131yoruz&quot; dedi.<\/p>\n<p><strong>Kaynak:<\/strong> TRT Haber \u2014 <a href=\"https:\/\/www.trthaber.com\/haber\/ekonomi\/orta-vadeli-program-pazar-gunu-aciklanacak-955675.html\" target=\"_blank\" rel=\"nofollow noopener\">Haberin devam\u0131n\u0131 \u00f6zg\u00fcn kayna\u011f\u0131nda oku<\/a><\/p>\n","protected":false},"excerpt":{"rendered":"<p>Cumhurba\u015fkan\u0131 Yard\u0131mc\u0131s\u0131 Cevdet Y\u0131lmaz, &#8220;Kat\u0131l\u0131mc\u0131 ve isti\u015fareye dayal\u0131 bir anlay\u0131\u015fla haz\u0131rlad\u0131\u011f\u0131m\u0131z 2027-2029 d\u00f6nemi OVP detaylar\u0131n\u0131 6 Eyl\u00fcl Pazar g\u00fcn\u00fc kamuoyuyla payla\u015fmay\u0131 planl\u0131yoruz&#8221; dedi.<\/p>\n","protected":false},"author":0,"featured_media":8417,"comment_status":"closed","ping_status":"closed","sticky":false,"template":"","format":"standard","meta":{"_yb_topic_hash":"c318c8a044a86da5230137545ff43d34f9b2ce88e529d6738af8919a166450e5","_yb_image_repair_status":"","_yb_image_repair_last":"","_yb_image_repair_attempts":0,"_yb_source_trust_score":0,"footnotes":""},"categories":[156],"tags":[],"yb_news_series":[],"yb_language":[],"class_list":["post-8416","post","type-post","status-publish","format-standard","has-post-thumbnail","hentry","category-ekonomi"],"blocksy_meta":[],"_links":{"self":[{"href":"https:\/\/yurtbakisi.com\/index.php?rest_route=\/wp\/v2\/posts\/8416","targetHints":{"allow":["GET"]}}],"collection":[{"href":"https:\/\/yurtbakisi.com\/index.php?rest_route=\/wp\/v2\/posts"}],"about":[{"href":"https:\/\/yurtbakisi.com\/index.php?rest_route=\/wp\/v2\/types\/post"}],"replies":[{"embeddable":true,"href":"https:\/\/yurtbakisi.com\/index.php?rest_route=%2Fwp%2Fv2%2Fcomments&post=8416"}],"version-history":[{"count":1,"href":"https:\/\/yurtbakisi.com\/index.php?rest_route=\/wp\/v2\/posts\/8416\/revisions"}],"predecessor-version":[{"id":8418,"href":"https:\/\/yurtbakisi.com\/index.php?rest_route=\/wp\/v2\/posts\/8416\/revisions\/8418"}],"wp:featuredmedia":[{"embeddable":true,"href":"https:\/\/yurtbakisi.com\/index.php?rest_route=\/wp\/v2\/media\/8417"}],"wp:attachment":[{"href":"https:\/\/yurtbakisi.com\/index.php?rest_route=%2Fwp%2Fv2%2Fmedia&parent=8416"}],"wp:term":[{"taxonomy":"category","embeddable":true,"href":"https:\/\/yurtbakisi.com\/index.php?rest_route=%2Fwp%2Fv2%2Fcategories&post=8416"},{"taxonomy":"post_tag","embeddable":true,"href":"https:\/\/yurtbakisi.com\/index.php?rest_route=%2Fwp%2Fv2%2Ftags&post=8416"},{"taxonomy":"yb_news_series","embeddable":true,"href":"https:\/\/yurtbakisi.com\/index.php?rest_route=%2Fwp%2Fv2%2Fyb_news_series&post=8416"},{"taxonomy":"yb_language","embeddable":true,"href":"https:\/\/yurtbakisi.com\/index.php?rest_route=%2Fwp%2Fv2%2Fyb_language&post=8416"}],"curies":[{"name":"wp","href":"https:\/\/api.w.org\/{rel}","templated":true}]}}