{"id":8419,"date":"2026-09-03T01:00:35","date_gmt":"2026-09-02T22:00:35","guid":{"rendered":"https:\/\/yurtbakisi.com\/?p=8419"},"modified":"2026-09-03T01:00:43","modified_gmt":"2026-09-02T22:00:43","slug":"balikcilar-gemi-demirleme-sahalarinda-da-avcilik-yapabilecek","status":"publish","type":"post","link":"https:\/\/yurtbakisi.com\/?p=8419","title":{"rendered":"Bal\u0131k\u00e7\u0131lar gemi demirleme sahalar\u0131nda da avc\u0131l\u0131k yapabilecek"},"content":{"rendered":"<p>Ula\u015ft\u0131rma ve Altyap\u0131 Bakanl\u0131\u011f\u0131 Denizcilik Genel M\u00fcd\u00fcrl\u00fc\u011f\u00fc, denizlerdeki 22 gemi demirleme sahas\u0131n\u0131 2026-2027 su \u00fcr\u00fcnleri av sezonu boyunca bal\u0131k\u00e7\u0131l\u0131k faaliyetlerine a\u00e7t\u0131.<\/p>\n<p><strong>Kaynak:<\/strong> TRT Haber \u2014 <a href=\"https:\/\/www.trthaber.com\/haber\/ekonomi\/balikcilar-gemi-demirleme-sahalarinda-da-avcilik-yapabilecek-955660.html\" target=\"_blank\" rel=\"nofollow noopener\">Haberin devam\u0131n\u0131 \u00f6zg\u00fcn kayna\u011f\u0131nda oku<\/a><\/p>\n","protected":false},"excerpt":{"rendered":"<p>Ula\u015ft\u0131rma ve Altyap\u0131 Bakanl\u0131\u011f\u0131 Denizcilik Genel M\u00fcd\u00fcrl\u00fc\u011f\u00fc, denizlerdeki 22 gemi demirleme sahas\u0131n\u0131 2026-2027 su \u00fcr\u00fcnleri av sezonu boyunca bal\u0131k\u00e7\u0131l\u0131k faaliyetlerine a\u00e7t\u0131.<\/p>\n","protected":false},"author":0,"featured_media":8420,"comment_status":"closed","ping_status":"closed","sticky":false,"template":"","format":"standard","meta":{"_yb_topic_hash":"837d833f02c9ce5c108c927ae67b1835df1beb56431b5e158216b784f4c6cebf","_yb_image_repair_status":"","_yb_image_repair_last":"","_yb_image_repair_attempts":0,"_yb_source_trust_score":0,"footnotes":""},"categories":[156],"tags":[],"yb_news_series":[],"yb_language":[],"class_list":["post-8419","post","type-post","status-publish","format-standard","has-post-thumbnail","hentry","category-ekonomi"],"blocksy_meta":[],"_links":{"self":[{"href":"https:\/\/yurtbakisi.com\/index.php?rest_route=\/wp\/v2\/posts\/8419","targetHints":{"allow":["GET"]}}],"collection":[{"href":"https:\/\/yurtbakisi.com\/index.php?rest_route=\/wp\/v2\/posts"}],"about":[{"href":"https:\/\/yurtbakisi.com\/index.php?rest_route=\/wp\/v2\/types\/post"}],"replies":[{"embeddable":true,"href":"https:\/\/yurtbakisi.com\/index.php?rest_route=%2Fwp%2Fv2%2Fcomments&post=8419"}],"version-history":[{"count":1,"href":"https:\/\/yurtbakisi.com\/index.php?rest_route=\/wp\/v2\/posts\/8419\/revisions"}],"predecessor-version":[{"id":8421,"href":"https:\/\/yurtbakisi.com\/index.php?rest_route=\/wp\/v2\/posts\/8419\/revisions\/8421"}],"wp:featuredmedia":[{"embeddable":true,"href":"https:\/\/yurtbakisi.com\/index.php?rest_route=\/wp\/v2\/media\/8420"}],"wp:attachment":[{"href":"https:\/\/yurtbakisi.com\/index.php?rest_route=%2Fwp%2Fv2%2Fmedia&parent=8419"}],"wp:term":[{"taxonomy":"category","embeddable":true,"href":"https:\/\/yurtbakisi.com\/index.php?rest_route=%2Fwp%2Fv2%2Fcategories&post=8419"},{"taxonomy":"post_tag","embeddable":true,"href":"https:\/\/yurtbakisi.com\/index.php?rest_route=%2Fwp%2Fv2%2Ftags&post=8419"},{"taxonomy":"yb_news_series","embeddable":true,"href":"https:\/\/yurtbakisi.com\/index.php?rest_route=%2Fwp%2Fv2%2Fyb_news_series&post=8419"},{"taxonomy":"yb_language","embeddable":true,"href":"https:\/\/yurtbakisi.com\/index.php?rest_route=%2Fwp%2Fv2%2Fyb_language&post=8419"}],"curies":[{"name":"wp","href":"https:\/\/api.w.org\/{rel}","templated":true}]}}