{"id":8440,"date":"2026-09-03T01:57:13","date_gmt":"2026-09-02T22:57:13","guid":{"rendered":"https:\/\/yurtbakisi.com\/?p=8440"},"modified":"2026-09-03T01:57:22","modified_gmt":"2026-09-02T22:57:22","slug":"dso-kdcdeki-ebola-simdiye-kadar-gordugumuz-en-hizli-yayilan-salgin","status":"publish","type":"post","link":"https:\/\/yurtbakisi.com\/?p=8440","title":{"rendered":"DS\u00d6: KDC&#039;deki Ebola \u015fimdiye kadar g\u00f6rd\u00fc\u011f\u00fcm\u00fcz en h\u0131zl\u0131 yay\u0131lan salg\u0131n"},"content":{"rendered":"<p>D\u00fcnya Sa\u011fl\u0131k \u00d6rg\u00fct\u00fc (DS\u00d6) Genel Direkt\u00f6r\u00fc Tedros Adhanom Ghebreyesus, Kongo Demokratik Cumhuriyeti&#039;ndeki (KDC) Ebola salg\u0131n\u0131n\u0131n, kay\u0131tlara ge\u00e7en en b\u00fcy\u00fck ikinci ve \u015fimdiye kadar g\u00f6r\u00fclen en h\u0131zl\u0131 yay\u0131lan salg\u0131n oldu\u011funu bildirdi.<\/p>\n<p><strong>Kaynak:<\/strong> TRT Haber \u2014 <a href=\"https:\/\/www.trthaber.com\/haber\/dunya\/dso-kdcdeki-ebola-simdiye-kadar-gordugumuz-en-hizli-yayilan-salgin-955708.html\" target=\"_blank\" rel=\"nofollow noopener\">Haberin devam\u0131n\u0131 \u00f6zg\u00fcn kayna\u011f\u0131nda oku<\/a><\/p>\n","protected":false},"excerpt":{"rendered":"<p>D\u00fcnya Sa\u011fl\u0131k \u00d6rg\u00fct\u00fc (DS\u00d6) Genel Direkt\u00f6r\u00fc Tedros Adhanom Ghebreyesus, Kongo Demokratik Cumhuriyeti&#8217;ndeki (KDC) Ebola salg\u0131n\u0131n\u0131n, kay\u0131tlara ge\u00e7en en b\u00fcy\u00fck ikinci ve \u015fimdiye kadar g\u00f6r\u00fclen en h\u0131zl\u0131 yay\u0131lan salg\u0131n oldu\u011funu bildirdi.<\/p>\n","protected":false},"author":0,"featured_media":8441,"comment_status":"closed","ping_status":"closed","sticky":false,"template":"","format":"standard","meta":{"_yb_topic_hash":"98d4c43c57a3fd3e934dba34f479b54dcfb642b6b3a9c1b7f908a2c61e5f218c","_yb_image_repair_status":"","_yb_image_repair_last":"","_yb_image_repair_attempts":0,"_yb_source_trust_score":0,"footnotes":""},"categories":[155],"tags":[107,112],"yb_news_series":[],"yb_language":[],"class_list":["post-8440","post","type-post","status-publish","format-standard","has-post-thumbnail","hentry","category-dunya","tag-cemiyet","tag-saglik"],"blocksy_meta":[],"_links":{"self":[{"href":"https:\/\/yurtbakisi.com\/index.php?rest_route=\/wp\/v2\/posts\/8440","targetHints":{"allow":["GET"]}}],"collection":[{"href":"https:\/\/yurtbakisi.com\/index.php?rest_route=\/wp\/v2\/posts"}],"about":[{"href":"https:\/\/yurtbakisi.com\/index.php?rest_route=\/wp\/v2\/types\/post"}],"replies":[{"embeddable":true,"href":"https:\/\/yurtbakisi.com\/index.php?rest_route=%2Fwp%2Fv2%2Fcomments&post=8440"}],"version-history":[{"count":1,"href":"https:\/\/yurtbakisi.com\/index.php?rest_route=\/wp\/v2\/posts\/8440\/revisions"}],"predecessor-version":[{"id":8442,"href":"https:\/\/yurtbakisi.com\/index.php?rest_route=\/wp\/v2\/posts\/8440\/revisions\/8442"}],"wp:featuredmedia":[{"embeddable":true,"href":"https:\/\/yurtbakisi.com\/index.php?rest_route=\/wp\/v2\/media\/8441"}],"wp:attachment":[{"href":"https:\/\/yurtbakisi.com\/index.php?rest_route=%2Fwp%2Fv2%2Fmedia&parent=8440"}],"wp:term":[{"taxonomy":"category","embeddable":true,"href":"https:\/\/yurtbakisi.com\/index.php?rest_route=%2Fwp%2Fv2%2Fcategories&post=8440"},{"taxonomy":"post_tag","embeddable":true,"href":"https:\/\/yurtbakisi.com\/index.php?rest_route=%2Fwp%2Fv2%2Ftags&post=8440"},{"taxonomy":"yb_news_series","embeddable":true,"href":"https:\/\/yurtbakisi.com\/index.php?rest_route=%2Fwp%2Fv2%2Fyb_news_series&post=8440"},{"taxonomy":"yb_language","embeddable":true,"href":"https:\/\/yurtbakisi.com\/index.php?rest_route=%2Fwp%2Fv2%2Fyb_language&post=8440"}],"curies":[{"name":"wp","href":"https:\/\/api.w.org\/{rel}","templated":true}]}}