{"id":8455,"date":"2026-09-03T02:01:33","date_gmt":"2026-09-02T23:01:33","guid":{"rendered":"https:\/\/yurtbakisi.com\/?p=8455"},"modified":"2026-09-03T02:01:41","modified_gmt":"2026-09-02T23:01:41","slug":"eski-ankara-buyuksehir-belediye-baskani-gokcek-ifadeye-cagrildi","status":"publish","type":"post","link":"https:\/\/yurtbakisi.com\/?p=8455","title":{"rendered":"Eski Ankara B\u00fcy\u00fck\u015fehir Belediye Ba\u015fkan\u0131 G\u00f6k\u00e7ek ifadeye \u00e7a\u011fr\u0131ld\u0131"},"content":{"rendered":"<p>Ankara Cumhuriyet Ba\u015fsavc\u0131l\u0131\u011f\u0131, eski Ankara B\u00fcy\u00fck\u015fehir Belediye Ba\u015fkan\u0131 \u0130brahim Melih G\u00f6k\u00e7ek&#039;i y\u00fcr\u00fct\u00fclen bir soru\u015fturma kapsam\u0131nda ifadeye \u00e7a\u011f\u0131rd\u0131.<\/p>\n<p><strong>Kaynak:<\/strong> TRT Haber \u2014 <a href=\"https:\/\/www.trthaber.com\/haber\/gundem\/eski-ankara-buyuksehir-belediye-baskani-gokcek-ifadeye-cagrildi-955656.html\" target=\"_blank\" rel=\"nofollow noopener\">Haberin devam\u0131n\u0131 \u00f6zg\u00fcn kayna\u011f\u0131nda oku<\/a><\/p>\n","protected":false},"excerpt":{"rendered":"<p>Ankara Cumhuriyet Ba\u015fsavc\u0131l\u0131\u011f\u0131, eski Ankara B\u00fcy\u00fck\u015fehir Belediye Ba\u015fkan\u0131 \u0130brahim Melih G\u00f6k\u00e7ek&#8217;i y\u00fcr\u00fct\u00fclen bir soru\u015fturma kapsam\u0131nda ifadeye \u00e7a\u011f\u0131rd\u0131.<\/p>\n","protected":false},"author":0,"featured_media":8456,"comment_status":"closed","ping_status":"closed","sticky":false,"template":"","format":"standard","meta":{"_yb_topic_hash":"73ff49c08fead4ad1b10ea434b03f65ee0efe33c46b9f4678b5a1156b86740a8","_yb_image_repair_status":"","_yb_image_repair_last":"","_yb_image_repair_attempts":0,"_yb_source_trust_score":0,"footnotes":""},"categories":[153],"tags":[],"yb_news_series":[],"yb_language":[],"class_list":["post-8455","post","type-post","status-publish","format-standard","has-post-thumbnail","hentry","category-gundem"],"blocksy_meta":[],"_links":{"self":[{"href":"https:\/\/yurtbakisi.com\/index.php?rest_route=\/wp\/v2\/posts\/8455","targetHints":{"allow":["GET"]}}],"collection":[{"href":"https:\/\/yurtbakisi.com\/index.php?rest_route=\/wp\/v2\/posts"}],"about":[{"href":"https:\/\/yurtbakisi.com\/index.php?rest_route=\/wp\/v2\/types\/post"}],"replies":[{"embeddable":true,"href":"https:\/\/yurtbakisi.com\/index.php?rest_route=%2Fwp%2Fv2%2Fcomments&post=8455"}],"version-history":[{"count":1,"href":"https:\/\/yurtbakisi.com\/index.php?rest_route=\/wp\/v2\/posts\/8455\/revisions"}],"predecessor-version":[{"id":8457,"href":"https:\/\/yurtbakisi.com\/index.php?rest_route=\/wp\/v2\/posts\/8455\/revisions\/8457"}],"wp:featuredmedia":[{"embeddable":true,"href":"https:\/\/yurtbakisi.com\/index.php?rest_route=\/wp\/v2\/media\/8456"}],"wp:attachment":[{"href":"https:\/\/yurtbakisi.com\/index.php?rest_route=%2Fwp%2Fv2%2Fmedia&parent=8455"}],"wp:term":[{"taxonomy":"category","embeddable":true,"href":"https:\/\/yurtbakisi.com\/index.php?rest_route=%2Fwp%2Fv2%2Fcategories&post=8455"},{"taxonomy":"post_tag","embeddable":true,"href":"https:\/\/yurtbakisi.com\/index.php?rest_route=%2Fwp%2Fv2%2Ftags&post=8455"},{"taxonomy":"yb_news_series","embeddable":true,"href":"https:\/\/yurtbakisi.com\/index.php?rest_route=%2Fwp%2Fv2%2Fyb_news_series&post=8455"},{"taxonomy":"yb_language","embeddable":true,"href":"https:\/\/yurtbakisi.com\/index.php?rest_route=%2Fwp%2Fv2%2Fyb_language&post=8455"}],"curies":[{"name":"wp","href":"https:\/\/api.w.org\/{rel}","templated":true}]}}