{"id":8483,"date":"2026-09-02T20:53:13","date_gmt":"2026-09-02T17:53:13","guid":{"rendered":"https:\/\/yurtbakisi.com\/?p=8483"},"modified":"2026-09-02T20:53:13","modified_gmt":"2026-09-02T17:53:13","slug":"53-yasindaki-defne-samyeliden-bikinili-pozlar-o-detay-gozlerden-kacmadi-magazin-haberleri-mynet","status":"publish","type":"post","link":"https:\/\/yurtbakisi.com\/?p=8483","title":{"rendered":"53 ya\u015f\u0131ndaki Defne Samyeli\u2019den bikinili pozlar! O detay g\u00f6zlerden ka\u00e7mad\u0131 &#8211; Magazin Haberleri &#8211; Mynet"},"content":{"rendered":"<div class=\"yb-imported-news-note\">\n<p>53 ya\u015f\u0131ndaki Defne Samyeli\u2019den bikinili pozlar! O detay g\u00f6zlerden ka\u00e7mad\u0131 &#8211; Magazin Haberleri Mynet<\/p>\n<p><strong>Kaynak:<\/strong> Canl\u0131 Ak\u0131\u015f \u2014 Magazin \u2014 Ayr\u0131nt\u0131lar ve tam i\u00e7erik i\u00e7in <a href=\"https:\/\/news.google.com\/rss\/articles\/CBMitgFBVV95cUxQRUo4YjR3bmhhWjEzTk5FblgxLWt1WlF0QXM2dWl4ZC15ZjBsTU9QS1RvVllqaEx0dTJRM0wzc2tQazdjU0lReWZtWDhzdFd4ekRLdzlsaDhiVG8xQXNPWUdTWldkWHphX2dwTk1na0xjdHdiVXc4VGJGU1BmTmc5OU9sSEhNOFdWdTg1a1pFM05LOXRBT0VfY21DdEU0YWY3UVZsS3RDQ2Jic1RiSkVhN2doVk9md9IBuwFBVV95cUxPbmh0ZzFWU1VTTnlUUlI0NENjSS1YbmFwaXdnZExHSk8tVTBaUkZ6bmNYMk9WVE9hRU5PY3FQNGVXTW1NazhaSDlCTnlSaW4wd2Y4aUNoQk1LUmM0cVJvYVNTc1JQN3VHSUVtMFNmQVdxMkpZMUE0eVlFbXV4RXJrU19QOUxPd0JsRGFlNDFTcFNaSjQyMDgzcVc1Y0VoS216X2N4X3g2SjFBRUZNT0ppMnlWWmU1bGhQY0FJ?oc=5\" target=\"_blank\" rel=\"nofollow noopener noreferrer\">\u00f6zg\u00fcn haberi a\u00e7\u0131n<\/a>.<\/p>\n<p><small>Bu kay\u0131t RSS haber havuzuna k\u0131sa kaynak \u00f6zeti olarak al\u0131nm\u0131\u015ft\u0131r; \u00f6zg\u00fcn metnin tamam\u0131 kopyalanmam\u0131\u015ft\u0131r.<\/small><\/p>\n<\/div>\n","protected":false},"excerpt":{"rendered":"<p>53 ya\u015f\u0131ndaki Defne Samyeli\u2019den bikinili pozlar! O detay g\u00f6zlerden ka\u00e7mad\u0131 &#8211; Magazin Haberleri Mynet<\/p>\n","protected":false},"author":1,"featured_media":0,"comment_status":"closed","ping_status":"closed","sticky":false,"template":"","format":"standard","meta":{"_yb_topic_hash":"b4b96169ee4887326b5a89272b3709e48ed576d2b88733679dadde80aedd8c46","_yb_image_repair_status":"","_yb_image_repair_last":"","_yb_image_repair_attempts":0,"_yb_source_trust_score":93,"footnotes":""},"categories":[15],"tags":[108],"yb_news_series":[],"yb_language":[],"class_list":["post-8483","post","type-post","status-publish","format-standard","has-post-thumbnail","hentry","category-magazin","tag-canli-akis-magazin"],"blocksy_meta":[],"_links":{"self":[{"href":"https:\/\/yurtbakisi.com\/index.php?rest_route=\/wp\/v2\/posts\/8483","targetHints":{"allow":["GET"]}}],"collection":[{"href":"https:\/\/yurtbakisi.com\/index.php?rest_route=\/wp\/v2\/posts"}],"about":[{"href":"https:\/\/yurtbakisi.com\/index.php?rest_route=\/wp\/v2\/types\/post"}],"author":[{"embeddable":true,"href":"https:\/\/yurtbakisi.com\/index.php?rest_route=\/wp\/v2\/users\/1"}],"replies":[{"embeddable":true,"href":"https:\/\/yurtbakisi.com\/index.php?rest_route=%2Fwp%2Fv2%2Fcomments&post=8483"}],"version-history":[{"count":0,"href":"https:\/\/yurtbakisi.com\/index.php?rest_route=\/wp\/v2\/posts\/8483\/revisions"}],"wp:attachment":[{"href":"https:\/\/yurtbakisi.com\/index.php?rest_route=%2Fwp%2Fv2%2Fmedia&parent=8483"}],"wp:term":[{"taxonomy":"category","embeddable":true,"href":"https:\/\/yurtbakisi.com\/index.php?rest_route=%2Fwp%2Fv2%2Fcategories&post=8483"},{"taxonomy":"post_tag","embeddable":true,"href":"https:\/\/yurtbakisi.com\/index.php?rest_route=%2Fwp%2Fv2%2Ftags&post=8483"},{"taxonomy":"yb_news_series","embeddable":true,"href":"https:\/\/yurtbakisi.com\/index.php?rest_route=%2Fwp%2Fv2%2Fyb_news_series&post=8483"},{"taxonomy":"yb_language","embeddable":true,"href":"https:\/\/yurtbakisi.com\/index.php?rest_route=%2Fwp%2Fv2%2Fyb_language&post=8483"}],"curies":[{"name":"wp","href":"https:\/\/api.w.org\/{rel}","templated":true}]}}