{"id":8484,"date":"2026-09-02T13:39:00","date_gmt":"2026-09-02T10:39:00","guid":{"rendered":"https:\/\/yurtbakisi.com\/?p=8484"},"modified":"2026-09-02T13:39:00","modified_gmt":"2026-09-02T10:39:00","slug":"giresunda-ucretsiz-halk-akademisi-egitimleri-basliyor-yildiz-haber","status":"publish","type":"post","link":"https:\/\/yurtbakisi.com\/?p=8484","title":{"rendered":"Giresun\u2019da \u00fccretsiz Halk Akademisi e\u011fitimleri ba\u015fl\u0131yor &#8211; Y\u0131ld\u0131z Haber"},"content":{"rendered":"<div class=\"yb-imported-news-note\">\n<p>Giresun\u2019da \u00fccretsiz Halk Akademisi e\u011fitimleri ba\u015fl\u0131yor Y\u0131ld\u0131z Haber<\/p>\n<p><strong>Kaynak:<\/strong> Canl\u0131 Ak\u0131\u015f \u2014 Sa\u011fl\u0131k \u2014 Ayr\u0131nt\u0131lar ve tam i\u00e7erik i\u00e7in <a href=\"https:\/\/news.google.com\/rss\/articles\/CBMilwFBVV95cUxPZzBWQ0pBTWpKX1FNS3piSFJjWkZrNW9DN2xHTFZBSE5NZjQ0WThUTHA1QVJnYVBrcDFoclBDYkhnaHdSQ1Z4emk3Q3JmVDVfM01SeVBELVhkcS1CX1VuZlFnY3ZPYjViNzJwVjA4dG02alY3bEttdlZxdEVFMTh4LXg3YUZPV05BMDJyQVJfWTJxa1NJUWZr?oc=5\" target=\"_blank\" rel=\"nofollow noopener noreferrer\">\u00f6zg\u00fcn haberi a\u00e7\u0131n<\/a>.<\/p>\n<p><small>Bu kay\u0131t RSS haber havuzuna k\u0131sa kaynak \u00f6zeti olarak al\u0131nm\u0131\u015ft\u0131r; \u00f6zg\u00fcn metnin tamam\u0131 kopyalanmam\u0131\u015ft\u0131r.<\/small><\/p>\n<\/div>\n","protected":false},"excerpt":{"rendered":"<p>Giresun\u2019da \u00fccretsiz Halk Akademisi e\u011fitimleri ba\u015fl\u0131yor Y\u0131ld\u0131z Haber<\/p>\n","protected":false},"author":1,"featured_media":0,"comment_status":"closed","ping_status":"closed","sticky":false,"template":"","format":"standard","meta":{"_yb_topic_hash":"b361c34f8f4e6caecd7a73df975dd22fed3b6e626313a7ec7b15ba7f173308e7","_yb_image_repair_status":"","_yb_image_repair_last":"","_yb_image_repair_attempts":0,"_yb_source_trust_score":88,"footnotes":""},"categories":[157,12],"tags":[120,112],"yb_news_series":[],"yb_language":[],"class_list":["post-8484","post","type-post","status-publish","format-standard","has-post-thumbnail","hentry","category-egitim","category-saglik","tag-canli-akis-saglik","tag-saglik"],"blocksy_meta":[],"_links":{"self":[{"href":"https:\/\/yurtbakisi.com\/index.php?rest_route=\/wp\/v2\/posts\/8484","targetHints":{"allow":["GET"]}}],"collection":[{"href":"https:\/\/yurtbakisi.com\/index.php?rest_route=\/wp\/v2\/posts"}],"about":[{"href":"https:\/\/yurtbakisi.com\/index.php?rest_route=\/wp\/v2\/types\/post"}],"author":[{"embeddable":true,"href":"https:\/\/yurtbakisi.com\/index.php?rest_route=\/wp\/v2\/users\/1"}],"replies":[{"embeddable":true,"href":"https:\/\/yurtbakisi.com\/index.php?rest_route=%2Fwp%2Fv2%2Fcomments&post=8484"}],"version-history":[{"count":0,"href":"https:\/\/yurtbakisi.com\/index.php?rest_route=\/wp\/v2\/posts\/8484\/revisions"}],"wp:attachment":[{"href":"https:\/\/yurtbakisi.com\/index.php?rest_route=%2Fwp%2Fv2%2Fmedia&parent=8484"}],"wp:term":[{"taxonomy":"category","embeddable":true,"href":"https:\/\/yurtbakisi.com\/index.php?rest_route=%2Fwp%2Fv2%2Fcategories&post=8484"},{"taxonomy":"post_tag","embeddable":true,"href":"https:\/\/yurtbakisi.com\/index.php?rest_route=%2Fwp%2Fv2%2Ftags&post=8484"},{"taxonomy":"yb_news_series","embeddable":true,"href":"https:\/\/yurtbakisi.com\/index.php?rest_route=%2Fwp%2Fv2%2Fyb_news_series&post=8484"},{"taxonomy":"yb_language","embeddable":true,"href":"https:\/\/yurtbakisi.com\/index.php?rest_route=%2Fwp%2Fv2%2Fyb_language&post=8484"}],"curies":[{"name":"wp","href":"https:\/\/api.w.org\/{rel}","templated":true}]}}