{"id":8500,"date":"2026-09-03T07:14:12","date_gmt":"2026-09-03T04:14:12","guid":{"rendered":"https:\/\/yurtbakisi.com\/?p=8500"},"modified":"2026-09-03T07:14:12","modified_gmt":"2026-09-03T04:14:12","slug":"trabzonun-adeta-gonullu-elcisi-unlu-futbolcu-ve-esi-2-yilda-gelenekleri-ogrendi-galeri-trend-magazin-sabah","status":"publish","type":"post","link":"https:\/\/yurtbakisi.com\/?p=8500","title":{"rendered":"Trabzon&#8217;un adeta g\u00f6n\u00fcll\u00fc el\u00e7isi! \u00dcnl\u00fc futbolcu ve e\u015fi 2 y\u0131lda gelenekleri \u00f6\u011frendi &#8211; Galeri &#8211; Trend Magazin &#8211; Sabah"},"content":{"rendered":"<div class=\"yb-imported-news-note\">\n<p>Trabzon&#039;un adeta g\u00f6n\u00fcll\u00fc el\u00e7isi! \u00dcnl\u00fc futbolcu ve e\u015fi 2 y\u0131lda gelenekleri \u00f6\u011frendi &#8211; Galeri &#8211; Trend Magazin Sabah<\/p>\n<p><strong>Kaynak:<\/strong> Canl\u0131 Ak\u0131\u015f \u2014 Magazin \u2014 Ayr\u0131nt\u0131lar ve tam i\u00e7erik i\u00e7in <a href=\"https:\/\/news.google.com\/rss\/articles\/CBMiwwFBVV95cUxPSXhDaUcyRGhkYUpwZjdJbVYwVWg2NHloUV9Oa1JiSnZodmQycC1BamY5bnNHQVR5cVFzdk56V2xMUy1tZU83cnY3RTRuWElacTk4UlVLc3ItaGh2ZGp3S0lmV3F6dUQxclE2WHBZd0pjZFJtMnhtV0dJYmROaUJZaFgyQVQ5VUdIdWlyekpMeDl5NXIwOVlTMWYxb3Q0djhBcnRSUWt4XzJ3RFV3TS1McmU2ZlZCRHpISm5JRGY4cWRHTWM?oc=5\" target=\"_blank\" rel=\"nofollow noopener noreferrer\">\u00f6zg\u00fcn haberi a\u00e7\u0131n<\/a>.<\/p>\n<p><small>Bu kay\u0131t RSS haber havuzuna k\u0131sa kaynak \u00f6zeti olarak al\u0131nm\u0131\u015ft\u0131r; \u00f6zg\u00fcn metnin tamam\u0131 kopyalanmam\u0131\u015ft\u0131r.<\/small><\/p>\n<\/div>\n","protected":false},"excerpt":{"rendered":"<p>Trabzon&#8217;un adeta g\u00f6n\u00fcll\u00fc el\u00e7isi! \u00dcnl\u00fc futbolcu ve e\u015fi 2 y\u0131lda gelenekleri \u00f6\u011frendi &#8211; Galeri &#8211; Trend Magazin Sabah<\/p>\n","protected":false},"author":1,"featured_media":0,"comment_status":"closed","ping_status":"closed","sticky":false,"template":"","format":"standard","meta":{"_yb_topic_hash":"64d34f82d0e96cf713e0d84b5c23db4484944b1b12ee45f396e5052797f2ba9c","_yb_image_repair_status":"","_yb_image_repair_last":"","_yb_image_repair_attempts":0,"_yb_source_trust_score":93,"footnotes":""},"categories":[15],"tags":[108,110],"yb_news_series":[],"yb_language":[],"class_list":["post-8500","post","type-post","status-publish","format-standard","has-post-thumbnail","hentry","category-magazin","tag-canli-akis-magazin","tag-unluler"],"blocksy_meta":[],"_links":{"self":[{"href":"https:\/\/yurtbakisi.com\/index.php?rest_route=\/wp\/v2\/posts\/8500","targetHints":{"allow":["GET"]}}],"collection":[{"href":"https:\/\/yurtbakisi.com\/index.php?rest_route=\/wp\/v2\/posts"}],"about":[{"href":"https:\/\/yurtbakisi.com\/index.php?rest_route=\/wp\/v2\/types\/post"}],"author":[{"embeddable":true,"href":"https:\/\/yurtbakisi.com\/index.php?rest_route=\/wp\/v2\/users\/1"}],"replies":[{"embeddable":true,"href":"https:\/\/yurtbakisi.com\/index.php?rest_route=%2Fwp%2Fv2%2Fcomments&post=8500"}],"version-history":[{"count":0,"href":"https:\/\/yurtbakisi.com\/index.php?rest_route=\/wp\/v2\/posts\/8500\/revisions"}],"wp:attachment":[{"href":"https:\/\/yurtbakisi.com\/index.php?rest_route=%2Fwp%2Fv2%2Fmedia&parent=8500"}],"wp:term":[{"taxonomy":"category","embeddable":true,"href":"https:\/\/yurtbakisi.com\/index.php?rest_route=%2Fwp%2Fv2%2Fcategories&post=8500"},{"taxonomy":"post_tag","embeddable":true,"href":"https:\/\/yurtbakisi.com\/index.php?rest_route=%2Fwp%2Fv2%2Ftags&post=8500"},{"taxonomy":"yb_news_series","embeddable":true,"href":"https:\/\/yurtbakisi.com\/index.php?rest_route=%2Fwp%2Fv2%2Fyb_news_series&post=8500"},{"taxonomy":"yb_language","embeddable":true,"href":"https:\/\/yurtbakisi.com\/index.php?rest_route=%2Fwp%2Fv2%2Fyb_language&post=8500"}],"curies":[{"name":"wp","href":"https:\/\/api.w.org\/{rel}","templated":true}]}}