{"id":8509,"date":"2026-09-03T08:11:00","date_gmt":"2026-09-03T05:11:00","guid":{"rendered":"https:\/\/yurtbakisi.com\/?p=8509"},"modified":"2026-09-03T08:11:00","modified_gmt":"2026-09-03T05:11:00","slug":"zeynep-bastik-ve-serkay-tutuncu-evlendi-mutluluga-evet-dediler-hurriyet","status":"publish","type":"post","link":"https:\/\/yurtbakisi.com\/?p=8509","title":{"rendered":"Zeynep Bast\u0131k ve Serkay T\u00fct\u00fcnc\u00fc evlendi! Mutlulu\u011fa &#8216;evet&#8217; dediler! &#8211; H\u00fcrriyet"},"content":{"rendered":"<div class=\"yb-imported-news-note\">\n<p>Zeynep Bast\u0131k ve Serkay T\u00fct\u00fcnc\u00fc evlendi! Mutlulu\u011fa &#039;evet&#039; dediler! H\u00fcrriyet<\/p>\n<p><strong>Kaynak:<\/strong> Canl\u0131 Ak\u0131\u015f \u2014 Magazin \u2014 Ayr\u0131nt\u0131lar ve tam i\u00e7erik i\u00e7in <a href=\"https:\/\/news.google.com\/rss\/articles\/CBMijgFBVV95cUxNMTVZUkNubHJERmhYYjRTaWFlc0Iza2xDQmtmd0oxbEQ2ZWp1ODlMTFhBNmJUODBOdUw3UmNWOWRGOUdONFJyVUlhN2Zib1lZdWxFTGlCNS05dkM4bDI0bHk2a2ZrNTg0d2pDMXl5WlJGOVR3Y0JHQkJxQlJWbmdMQ29zQmM2MmNKY0Vsc1ZR?oc=5\" target=\"_blank\" rel=\"nofollow noopener noreferrer\">\u00f6zg\u00fcn haberi a\u00e7\u0131n<\/a>.<\/p>\n<p><small>Bu kay\u0131t RSS haber havuzuna k\u0131sa kaynak \u00f6zeti olarak al\u0131nm\u0131\u015ft\u0131r; \u00f6zg\u00fcn metnin tamam\u0131 kopyalanmam\u0131\u015ft\u0131r.<\/small><\/p>\n<\/div>\n","protected":false},"excerpt":{"rendered":"<p>Zeynep Bast\u0131k ve Serkay T\u00fct\u00fcnc\u00fc evlendi! Mutlulu\u011fa &#8216;evet&#8217; dediler! H\u00fcrriyet<\/p>\n","protected":false},"author":1,"featured_media":0,"comment_status":"closed","ping_status":"closed","sticky":false,"template":"","format":"standard","meta":{"_yb_topic_hash":"83bbe0d43c968826f0a29893a449ea15eca6b302a1b9ceb4978c56812c1de9b3","_yb_image_repair_status":"failed","_yb_image_repair_last":"2026-09-03 08:57:23","_yb_image_repair_attempts":1,"_yb_source_trust_score":93,"footnotes":""},"categories":[9,66,68,15],"tags":[108],"yb_news_series":[],"yb_language":[],"class_list":["post-8509","post","type-post","status-publish","format-standard","has-post-thumbnail","hentry","category-cemiyet","category-cemiyet-sosyal","category-dugunler","category-magazin","tag-canli-akis-magazin"],"blocksy_meta":[],"_links":{"self":[{"href":"https:\/\/yurtbakisi.com\/index.php?rest_route=\/wp\/v2\/posts\/8509","targetHints":{"allow":["GET"]}}],"collection":[{"href":"https:\/\/yurtbakisi.com\/index.php?rest_route=\/wp\/v2\/posts"}],"about":[{"href":"https:\/\/yurtbakisi.com\/index.php?rest_route=\/wp\/v2\/types\/post"}],"author":[{"embeddable":true,"href":"https:\/\/yurtbakisi.com\/index.php?rest_route=\/wp\/v2\/users\/1"}],"replies":[{"embeddable":true,"href":"https:\/\/yurtbakisi.com\/index.php?rest_route=%2Fwp%2Fv2%2Fcomments&post=8509"}],"version-history":[{"count":0,"href":"https:\/\/yurtbakisi.com\/index.php?rest_route=\/wp\/v2\/posts\/8509\/revisions"}],"wp:attachment":[{"href":"https:\/\/yurtbakisi.com\/index.php?rest_route=%2Fwp%2Fv2%2Fmedia&parent=8509"}],"wp:term":[{"taxonomy":"category","embeddable":true,"href":"https:\/\/yurtbakisi.com\/index.php?rest_route=%2Fwp%2Fv2%2Fcategories&post=8509"},{"taxonomy":"post_tag","embeddable":true,"href":"https:\/\/yurtbakisi.com\/index.php?rest_route=%2Fwp%2Fv2%2Ftags&post=8509"},{"taxonomy":"yb_news_series","embeddable":true,"href":"https:\/\/yurtbakisi.com\/index.php?rest_route=%2Fwp%2Fv2%2Fyb_news_series&post=8509"},{"taxonomy":"yb_language","embeddable":true,"href":"https:\/\/yurtbakisi.com\/index.php?rest_route=%2Fwp%2Fv2%2Fyb_language&post=8509"}],"curies":[{"name":"wp","href":"https:\/\/api.w.org\/{rel}","templated":true}]}}