{"id":8511,"date":"2026-08-29T01:14:12","date_gmt":"2026-08-28T22:14:12","guid":{"rendered":"https:\/\/yurtbakisi.com\/?p=8511"},"modified":"2026-08-29T01:14:12","modified_gmt":"2026-08-28T22:14:12","slug":"ho-chi-minh-sehri-2-eylul-ulusal-gunu-icin-sanat-alanlarini-genisletiyor-vietnam-vn","status":"publish","type":"post","link":"https:\/\/yurtbakisi.com\/?p=8511","title":{"rendered":"Ho Chi Minh \u015eehri, 2 Eyl\u00fcl Ulusal G\u00fcn\u00fc i\u00e7in sanat alanlar\u0131n\u0131 geni\u015fletiyor. &#8211; Vietnam.vn"},"content":{"rendered":"<div class=\"yb-imported-news-note\">\n<p>Ho Chi Minh \u015eehri, 2 Eyl\u00fcl Ulusal G\u00fcn\u00fc i\u00e7in sanat alanlar\u0131n\u0131 geni\u015fletiyor. Vietnam.vn<\/p>\n<p><strong>Kaynak:<\/strong> Canl\u0131 Ak\u0131\u015f \u2014 K\u00fclt\u00fcr Sanat \u2014 Ayr\u0131nt\u0131lar ve tam i\u00e7erik i\u00e7in <a href=\"https:\/\/news.google.com\/rss\/articles\/CBMikwFBVV95cUxQVm1xNkVwTmFrSk4xSE5fX3FuRERiNFhHOURzNktYcF82M3BEM2pBSGtNYktubDVIVF83SjQ0eFBDY2ZjcWZwVHhMaW92ZG1Ea21JeVBId05vT0VkSGJEVi1HR3ZheFNSazhDc21sNlZhWUF0eWF3WEduaU9OTVFnalpfZTNNZThJZU02MWg0Rkt4QW8?oc=5\" target=\"_blank\" rel=\"nofollow noopener noreferrer\">\u00f6zg\u00fcn haberi a\u00e7\u0131n<\/a>.<\/p>\n<p><small>Bu kay\u0131t RSS haber havuzuna k\u0131sa kaynak \u00f6zeti olarak al\u0131nm\u0131\u015ft\u0131r; \u00f6zg\u00fcn metnin tamam\u0131 kopyalanmam\u0131\u015ft\u0131r.<\/small><\/p>\n<\/div>\n","protected":false},"excerpt":{"rendered":"<p>Ho Chi Minh \u015eehri, 2 Eyl\u00fcl Ulusal G\u00fcn\u00fc i\u00e7in sanat alanlar\u0131n\u0131 geni\u015fletiyor. Vietnam.vn<\/p>\n","protected":false},"author":1,"featured_media":0,"comment_status":"closed","ping_status":"closed","sticky":false,"template":"","format":"standard","meta":{"_yb_topic_hash":"704528f434f8aaa1744e0cf21c558c7ef1939e7293bb8afbb5815248f117aaeb","_yb_image_repair_status":"","_yb_image_repair_last":"","_yb_image_repair_attempts":0,"_yb_source_trust_score":93,"footnotes":""},"categories":[10],"tags":[119,111],"yb_news_series":[],"yb_language":[],"class_list":["post-8511","post","type-post","status-publish","format-standard","has-post-thumbnail","hentry","category-kultur-sanat","tag-canli-akis-kultur-sanat","tag-kultur-sanat"],"blocksy_meta":[],"_links":{"self":[{"href":"https:\/\/yurtbakisi.com\/index.php?rest_route=\/wp\/v2\/posts\/8511","targetHints":{"allow":["GET"]}}],"collection":[{"href":"https:\/\/yurtbakisi.com\/index.php?rest_route=\/wp\/v2\/posts"}],"about":[{"href":"https:\/\/yurtbakisi.com\/index.php?rest_route=\/wp\/v2\/types\/post"}],"author":[{"embeddable":true,"href":"https:\/\/yurtbakisi.com\/index.php?rest_route=\/wp\/v2\/users\/1"}],"replies":[{"embeddable":true,"href":"https:\/\/yurtbakisi.com\/index.php?rest_route=%2Fwp%2Fv2%2Fcomments&post=8511"}],"version-history":[{"count":0,"href":"https:\/\/yurtbakisi.com\/index.php?rest_route=\/wp\/v2\/posts\/8511\/revisions"}],"wp:attachment":[{"href":"https:\/\/yurtbakisi.com\/index.php?rest_route=%2Fwp%2Fv2%2Fmedia&parent=8511"}],"wp:term":[{"taxonomy":"category","embeddable":true,"href":"https:\/\/yurtbakisi.com\/index.php?rest_route=%2Fwp%2Fv2%2Fcategories&post=8511"},{"taxonomy":"post_tag","embeddable":true,"href":"https:\/\/yurtbakisi.com\/index.php?rest_route=%2Fwp%2Fv2%2Ftags&post=8511"},{"taxonomy":"yb_news_series","embeddable":true,"href":"https:\/\/yurtbakisi.com\/index.php?rest_route=%2Fwp%2Fv2%2Fyb_news_series&post=8511"},{"taxonomy":"yb_language","embeddable":true,"href":"https:\/\/yurtbakisi.com\/index.php?rest_route=%2Fwp%2Fv2%2Fyb_language&post=8511"}],"curies":[{"name":"wp","href":"https:\/\/api.w.org\/{rel}","templated":true}]}}