{"id":8518,"date":"2026-09-03T09:31:00","date_gmt":"2026-09-03T06:31:00","guid":{"rendered":"https:\/\/yurtbakisi.com\/?p=8518"},"modified":"2026-09-03T09:31:00","modified_gmt":"2026-09-03T06:31:00","slug":"sinan-akcil-ile-ferhat-gocer-arasinda-ipler-gerildi-sarkilarimi-soyleyemez-hurriyet","status":"publish","type":"post","link":"https:\/\/yurtbakisi.com\/?p=8518","title":{"rendered":"Sinan Ak\u00e7\u0131l ile Ferhat G\u00f6\u00e7er aras\u0131nda ipler gerildi: \u015eark\u0131lar\u0131m\u0131 s\u00f6yleyemez &#8211; H\u00fcrriyet"},"content":{"rendered":"<div class=\"yb-imported-news-note\">\n<p>Sinan Ak\u00e7\u0131l ile Ferhat G\u00f6\u00e7er aras\u0131nda ipler gerildi: \u015eark\u0131lar\u0131m\u0131 s\u00f6yleyemez H\u00fcrriyet<\/p>\n<p><strong>Kaynak:<\/strong> Canl\u0131 Ak\u0131\u015f \u2014 Magazin \u2014 Ayr\u0131nt\u0131lar ve tam i\u00e7erik i\u00e7in <a href=\"https:\/\/news.google.com\/rss\/articles\/CBMiwwFBVV95cUxPMEhjendFSmJRa202LU42QllhOVlfd3VrWUM4bGdKNmRRUFBEWm1kTmExYU5oYjZCQlJILTdPaUU5azJNcFlGMTFpZzhENkRMWm9YYnlDX2xzcmJmYXFRMFAyRVRENE1ZTXBfb1oyNFBVN0lqQ2xNeFlkbDh1VWo2QXo5NndaaVZ5NHZPc3VDTlhQXzV0azhoTFlCRVZVTlJMNlkyTHA1VGNHSnMxdXB3RmNuM3J5NWRVQXRMQmk3NE1UeWM?oc=5\" target=\"_blank\" rel=\"nofollow noopener noreferrer\">\u00f6zg\u00fcn haberi a\u00e7\u0131n<\/a>.<\/p>\n<p><small>Bu kay\u0131t RSS haber havuzuna k\u0131sa kaynak \u00f6zeti olarak al\u0131nm\u0131\u015ft\u0131r; \u00f6zg\u00fcn metnin tamam\u0131 kopyalanmam\u0131\u015ft\u0131r.<\/small><\/p>\n<\/div>\n","protected":false},"excerpt":{"rendered":"<p>Sinan Ak\u00e7\u0131l ile Ferhat G\u00f6\u00e7er aras\u0131nda ipler gerildi: \u015eark\u0131lar\u0131m\u0131 s\u00f6yleyemez H\u00fcrriyet<\/p>\n","protected":false},"author":1,"featured_media":0,"comment_status":"closed","ping_status":"closed","sticky":false,"template":"","format":"standard","meta":{"_yb_topic_hash":"373bb9ec72b41aa16ee46d138f38b1330c0e0866af007f13308df220ffe941c4","_yb_image_repair_status":"","_yb_image_repair_last":"","_yb_image_repair_attempts":0,"_yb_source_trust_score":93,"footnotes":""},"categories":[15,5],"tags":[108,109],"yb_news_series":[],"yb_language":[],"class_list":["post-8518","post","type-post","status-publish","format-standard","has-post-thumbnail","hentry","category-magazin","category-muzik","tag-canli-akis-magazin","tag-muzik"],"blocksy_meta":[],"_links":{"self":[{"href":"https:\/\/yurtbakisi.com\/index.php?rest_route=\/wp\/v2\/posts\/8518","targetHints":{"allow":["GET"]}}],"collection":[{"href":"https:\/\/yurtbakisi.com\/index.php?rest_route=\/wp\/v2\/posts"}],"about":[{"href":"https:\/\/yurtbakisi.com\/index.php?rest_route=\/wp\/v2\/types\/post"}],"author":[{"embeddable":true,"href":"https:\/\/yurtbakisi.com\/index.php?rest_route=\/wp\/v2\/users\/1"}],"replies":[{"embeddable":true,"href":"https:\/\/yurtbakisi.com\/index.php?rest_route=%2Fwp%2Fv2%2Fcomments&post=8518"}],"version-history":[{"count":0,"href":"https:\/\/yurtbakisi.com\/index.php?rest_route=\/wp\/v2\/posts\/8518\/revisions"}],"wp:attachment":[{"href":"https:\/\/yurtbakisi.com\/index.php?rest_route=%2Fwp%2Fv2%2Fmedia&parent=8518"}],"wp:term":[{"taxonomy":"category","embeddable":true,"href":"https:\/\/yurtbakisi.com\/index.php?rest_route=%2Fwp%2Fv2%2Fcategories&post=8518"},{"taxonomy":"post_tag","embeddable":true,"href":"https:\/\/yurtbakisi.com\/index.php?rest_route=%2Fwp%2Fv2%2Ftags&post=8518"},{"taxonomy":"yb_news_series","embeddable":true,"href":"https:\/\/yurtbakisi.com\/index.php?rest_route=%2Fwp%2Fv2%2Fyb_news_series&post=8518"},{"taxonomy":"yb_language","embeddable":true,"href":"https:\/\/yurtbakisi.com\/index.php?rest_route=%2Fwp%2Fv2%2Fyb_language&post=8518"}],"curies":[{"name":"wp","href":"https:\/\/api.w.org\/{rel}","templated":true}]}}