{"id":8521,"date":"2026-09-03T09:41:45","date_gmt":"2026-09-03T06:41:45","guid":{"rendered":"https:\/\/yurtbakisi.com\/?p=8521"},"modified":"2026-09-03T09:41:45","modified_gmt":"2026-09-03T06:41:45","slug":"anne-olduktan-sonra-sahnelere-ara-vermisti-tugce-kandemir-zayifladi-son-hali-gundem-oldu-sabah","status":"publish","type":"post","link":"https:\/\/yurtbakisi.com\/?p=8521","title":{"rendered":"Anne olduktan sonra sahnelere ara vermi\u015fti\u2026 Tu\u011f\u00e7e Kandemir zay\u0131flad\u0131, son hali g\u00fcndem oldu &#8211; Sabah"},"content":{"rendered":"<div class=\"yb-imported-news-note\">\n<p>Anne olduktan sonra sahnelere ara vermi\u015fti\u2026 Tu\u011f\u00e7e Kandemir zay\u0131flad\u0131, son hali g\u00fcndem oldu Sabah<\/p>\n<p><strong>Kaynak:<\/strong> Canl\u0131 Ak\u0131\u015f \u2014 Magazin \u2014 Ayr\u0131nt\u0131lar ve tam i\u00e7erik i\u00e7in <a href=\"https:\/\/news.google.com\/rss\/articles\/CBMizwFBVV95cUxPQ0dSMllmdFdIdFRUXzd5YWFYS0l0a05fOXBmQnd3Q3BqODBkTktSY1d4VmV6STBFREo2VjBNeDlKOHcwQnFyUmw3VWpNdndjWkhzMkI2dEV6cVFyR0NjNE1pNTh1Yl9Idi1Ea2dyWW5yR1BFVUpHNEp5ei1vS3h5SHV4S1pXZlhpNmRtck9rQXFOZlNEbGh3Rm5tNVlKMG5zYlJWX3JtSFM4dm45cWgxd2MtWUQ2eGZWdTIxTFNvbWV5WlBvSDZiM01JZmpjWGc?oc=5\" target=\"_blank\" rel=\"nofollow noopener noreferrer\">\u00f6zg\u00fcn haberi a\u00e7\u0131n<\/a>.<\/p>\n<p><small>Bu kay\u0131t RSS haber havuzuna k\u0131sa kaynak \u00f6zeti olarak al\u0131nm\u0131\u015ft\u0131r; \u00f6zg\u00fcn metnin tamam\u0131 kopyalanmam\u0131\u015ft\u0131r.<\/small><\/p>\n<\/div>\n","protected":false},"excerpt":{"rendered":"<p>Anne olduktan sonra sahnelere ara vermi\u015fti\u2026 Tu\u011f\u00e7e Kandemir zay\u0131flad\u0131, son hali g\u00fcndem oldu Sabah<\/p>\n","protected":false},"author":1,"featured_media":0,"comment_status":"closed","ping_status":"closed","sticky":false,"template":"","format":"standard","meta":{"_yb_topic_hash":"3935ef6cce62b1e11a4a4d7c265389c40f081feda06a024ebab0cba506d676d4","_yb_image_repair_status":"","_yb_image_repair_last":"","_yb_image_repair_attempts":0,"_yb_source_trust_score":93,"footnotes":""},"categories":[66,15,8,73],"tags":[108],"yb_news_series":[],"yb_language":[],"class_list":["post-8521","post","type-post","status-publish","format-standard","has-post-thumbnail","hentry","category-cemiyet-sosyal","category-magazin","category-sosyal-medya","category-viral","tag-canli-akis-magazin"],"blocksy_meta":[],"_links":{"self":[{"href":"https:\/\/yurtbakisi.com\/index.php?rest_route=\/wp\/v2\/posts\/8521","targetHints":{"allow":["GET"]}}],"collection":[{"href":"https:\/\/yurtbakisi.com\/index.php?rest_route=\/wp\/v2\/posts"}],"about":[{"href":"https:\/\/yurtbakisi.com\/index.php?rest_route=\/wp\/v2\/types\/post"}],"author":[{"embeddable":true,"href":"https:\/\/yurtbakisi.com\/index.php?rest_route=\/wp\/v2\/users\/1"}],"replies":[{"embeddable":true,"href":"https:\/\/yurtbakisi.com\/index.php?rest_route=%2Fwp%2Fv2%2Fcomments&post=8521"}],"version-history":[{"count":0,"href":"https:\/\/yurtbakisi.com\/index.php?rest_route=\/wp\/v2\/posts\/8521\/revisions"}],"wp:attachment":[{"href":"https:\/\/yurtbakisi.com\/index.php?rest_route=%2Fwp%2Fv2%2Fmedia&parent=8521"}],"wp:term":[{"taxonomy":"category","embeddable":true,"href":"https:\/\/yurtbakisi.com\/index.php?rest_route=%2Fwp%2Fv2%2Fcategories&post=8521"},{"taxonomy":"post_tag","embeddable":true,"href":"https:\/\/yurtbakisi.com\/index.php?rest_route=%2Fwp%2Fv2%2Ftags&post=8521"},{"taxonomy":"yb_news_series","embeddable":true,"href":"https:\/\/yurtbakisi.com\/index.php?rest_route=%2Fwp%2Fv2%2Fyb_news_series&post=8521"},{"taxonomy":"yb_language","embeddable":true,"href":"https:\/\/yurtbakisi.com\/index.php?rest_route=%2Fwp%2Fv2%2Fyb_language&post=8521"}],"curies":[{"name":"wp","href":"https:\/\/api.w.org\/{rel}","templated":true}]}}