{"id":8539,"date":"2026-09-03T10:56:32","date_gmt":"2026-09-03T07:56:32","guid":{"rendered":"https:\/\/yurtbakisi.com\/?p=8539"},"modified":"2026-09-03T10:56:32","modified_gmt":"2026-09-03T07:56:32","slug":"beyazit-ozturk-yarismacilarla-sevinip-onlarla-uzuluyorum-gazete-vatan","status":"publish","type":"post","link":"https:\/\/yurtbakisi.com\/?p=8539","title":{"rendered":"Beyaz\u0131t \u00d6zt\u00fcrk: Yar\u0131\u015fmac\u0131larla sevinip onlarla \u00fcz\u00fcl\u00fcyorum &#8211; Gazete Vatan"},"content":{"rendered":"<div class=\"yb-imported-news-note\">\n<p>Beyaz\u0131t \u00d6zt\u00fcrk: Yar\u0131\u015fmac\u0131larla sevinip onlarla \u00fcz\u00fcl\u00fcyorum Gazete Vatan<\/p>\n<p><strong>Kaynak:<\/strong> Canl\u0131 Ak\u0131\u015f \u2014 Magazin \u2014 Ayr\u0131nt\u0131lar ve tam i\u00e7erik i\u00e7in <a href=\"https:\/\/news.google.com\/rss\/articles\/CBMiogFBVV95cUxOS0N1OTVmWXVqeVlSakhXUFhtckwxQkpRZktXejVUWklheVRzY2t5Vmg1bkt4SHhtZ3NvemhYZUNES3RlanpUY0Z5Vm1pczZhTHc3Y1dtMjBTMjZoNGNlUmhvUG9oZDJZNWFkdmc3TWhGVU9Ec0JFTko4a2sxS1V0NnRITUZoMzhxRjR5eFc2aXJJMmo5bVZ1LU9kaTNnSWNLdGc?oc=5\" target=\"_blank\" rel=\"nofollow noopener noreferrer\">\u00f6zg\u00fcn haberi a\u00e7\u0131n<\/a>.<\/p>\n<p><small>Bu kay\u0131t RSS haber havuzuna k\u0131sa kaynak \u00f6zeti olarak al\u0131nm\u0131\u015ft\u0131r; \u00f6zg\u00fcn metnin tamam\u0131 kopyalanmam\u0131\u015ft\u0131r.<\/small><\/p>\n<\/div>\n","protected":false},"excerpt":{"rendered":"<p>Beyaz\u0131t \u00d6zt\u00fcrk: Yar\u0131\u015fmac\u0131larla sevinip onlarla \u00fcz\u00fcl\u00fcyorum Gazete Vatan<\/p>\n","protected":false},"author":1,"featured_media":0,"comment_status":"closed","ping_status":"closed","sticky":false,"template":"","format":"standard","meta":{"_yb_topic_hash":"14a3d7aafb41ab0be39704d8940cbc0a4ff3bf4aa0d91f2e88c3014f5a609b1a","_yb_image_repair_status":"","_yb_image_repair_last":"","_yb_image_repair_attempts":0,"_yb_source_trust_score":93,"footnotes":""},"categories":[15,3,32],"tags":[108],"yb_news_series":[],"yb_language":[],"class_list":["post-8539","post","type-post","status-publish","format-standard","has-post-thumbnail","hentry","category-magazin","category-tv-dizi","category-yarismalar","tag-canli-akis-magazin"],"blocksy_meta":[],"_links":{"self":[{"href":"https:\/\/yurtbakisi.com\/index.php?rest_route=\/wp\/v2\/posts\/8539","targetHints":{"allow":["GET"]}}],"collection":[{"href":"https:\/\/yurtbakisi.com\/index.php?rest_route=\/wp\/v2\/posts"}],"about":[{"href":"https:\/\/yurtbakisi.com\/index.php?rest_route=\/wp\/v2\/types\/post"}],"author":[{"embeddable":true,"href":"https:\/\/yurtbakisi.com\/index.php?rest_route=\/wp\/v2\/users\/1"}],"replies":[{"embeddable":true,"href":"https:\/\/yurtbakisi.com\/index.php?rest_route=%2Fwp%2Fv2%2Fcomments&post=8539"}],"version-history":[{"count":0,"href":"https:\/\/yurtbakisi.com\/index.php?rest_route=\/wp\/v2\/posts\/8539\/revisions"}],"wp:attachment":[{"href":"https:\/\/yurtbakisi.com\/index.php?rest_route=%2Fwp%2Fv2%2Fmedia&parent=8539"}],"wp:term":[{"taxonomy":"category","embeddable":true,"href":"https:\/\/yurtbakisi.com\/index.php?rest_route=%2Fwp%2Fv2%2Fcategories&post=8539"},{"taxonomy":"post_tag","embeddable":true,"href":"https:\/\/yurtbakisi.com\/index.php?rest_route=%2Fwp%2Fv2%2Ftags&post=8539"},{"taxonomy":"yb_news_series","embeddable":true,"href":"https:\/\/yurtbakisi.com\/index.php?rest_route=%2Fwp%2Fv2%2Fyb_news_series&post=8539"},{"taxonomy":"yb_language","embeddable":true,"href":"https:\/\/yurtbakisi.com\/index.php?rest_route=%2Fwp%2Fv2%2Fyb_language&post=8539"}],"curies":[{"name":"wp","href":"https:\/\/api.w.org\/{rel}","templated":true}]}}