{"id":8541,"date":"2026-09-03T10:42:29","date_gmt":"2026-09-03T07:42:29","guid":{"rendered":"https:\/\/yurtbakisi.com\/?p=8541"},"modified":"2026-09-03T10:42:29","modified_gmt":"2026-09-03T07:42:29","slug":"hayko-cepkin-kararini-verdi-son-konserler-olacak-magazin-haberleri-mynet","status":"publish","type":"post","link":"https:\/\/yurtbakisi.com\/?p=8541","title":{"rendered":"Hayko Cepkin karar\u0131n\u0131 verdi! &#8216;Son konserler olacak&#8217; &#8211; Magazin Haberleri &#8211; Mynet"},"content":{"rendered":"<div class=\"yb-imported-news-note\">\n<p>Hayko Cepkin karar\u0131n\u0131 verdi! &#039;Son konserler olacak&#039; &#8211; Magazin Haberleri Mynet<\/p>\n<p><strong>Kaynak:<\/strong> Canl\u0131 Ak\u0131\u015f \u2014 Magazin \u2014 Ayr\u0131nt\u0131lar ve tam i\u00e7erik i\u00e7in <a href=\"https:\/\/news.google.com\/rss\/articles\/CBMilgFBVV95cUxPcER3bDN5ZUFsYnJObFA1UFJuN3pnWEpZQTN5ZFBHa0l3NUxEUUNseW1raUN3NDkzWDQzWEJBV3BWYkt3RU1KbmNsbkhBZnE3T1FsNVhxVElldkROUkt4ekJPZFZJcmxiem1FS3BKVU9NaGYwcVprMEFFZkN6N3JWVzNUa0dJUHF1SU4wVTJQM2xSaXZYNmfSAZsBQVVfeXFMTlQ2WnhUVDNTRzkyZmlFa3o4YW52Uy10NWF3b2dEdXlFbi15N2tES21MZ1NvTXdRWnFVa3N1VWQ4V1pMLU8xTnRRb3JYbmJMMEZxeWpUVHJGVi04N0hiYjhlQ1N5UHdZOVdIUDJNRkhkLWdfc25tZVdpYTlpUXlrTkcxV05kRXprTnBIc0lEOFhSNjFNQm93bS1HbDA?oc=5\" target=\"_blank\" rel=\"nofollow noopener noreferrer\">\u00f6zg\u00fcn haberi a\u00e7\u0131n<\/a>.<\/p>\n<p><small>Bu kay\u0131t RSS haber havuzuna k\u0131sa kaynak \u00f6zeti olarak al\u0131nm\u0131\u015ft\u0131r; \u00f6zg\u00fcn metnin tamam\u0131 kopyalanmam\u0131\u015ft\u0131r.<\/small><\/p>\n<\/div>\n","protected":false},"excerpt":{"rendered":"<p>Hayko Cepkin karar\u0131n\u0131 verdi! &#8216;Son konserler olacak&#8217; &#8211; Magazin Haberleri Mynet<\/p>\n","protected":false},"author":1,"featured_media":0,"comment_status":"closed","ping_status":"closed","sticky":false,"template":"","format":"standard","meta":{"_yb_topic_hash":"c3e0ed2ec0fb10985974afd139fcbd1c99b106eb9295d0fbe7ed2570813cfe4d","_yb_image_repair_status":"","_yb_image_repair_last":"","_yb_image_repair_attempts":0,"_yb_source_trust_score":93,"footnotes":""},"categories":[39,15,5],"tags":[108,109],"yb_news_series":[],"yb_language":[],"class_list":["post-8541","post","type-post","status-publish","format-standard","has-post-thumbnail","hentry","category-konserler","category-magazin","category-muzik","tag-canli-akis-magazin","tag-muzik"],"blocksy_meta":[],"_links":{"self":[{"href":"https:\/\/yurtbakisi.com\/index.php?rest_route=\/wp\/v2\/posts\/8541","targetHints":{"allow":["GET"]}}],"collection":[{"href":"https:\/\/yurtbakisi.com\/index.php?rest_route=\/wp\/v2\/posts"}],"about":[{"href":"https:\/\/yurtbakisi.com\/index.php?rest_route=\/wp\/v2\/types\/post"}],"author":[{"embeddable":true,"href":"https:\/\/yurtbakisi.com\/index.php?rest_route=\/wp\/v2\/users\/1"}],"replies":[{"embeddable":true,"href":"https:\/\/yurtbakisi.com\/index.php?rest_route=%2Fwp%2Fv2%2Fcomments&post=8541"}],"version-history":[{"count":0,"href":"https:\/\/yurtbakisi.com\/index.php?rest_route=\/wp\/v2\/posts\/8541\/revisions"}],"wp:attachment":[{"href":"https:\/\/yurtbakisi.com\/index.php?rest_route=%2Fwp%2Fv2%2Fmedia&parent=8541"}],"wp:term":[{"taxonomy":"category","embeddable":true,"href":"https:\/\/yurtbakisi.com\/index.php?rest_route=%2Fwp%2Fv2%2Fcategories&post=8541"},{"taxonomy":"post_tag","embeddable":true,"href":"https:\/\/yurtbakisi.com\/index.php?rest_route=%2Fwp%2Fv2%2Ftags&post=8541"},{"taxonomy":"yb_news_series","embeddable":true,"href":"https:\/\/yurtbakisi.com\/index.php?rest_route=%2Fwp%2Fv2%2Fyb_news_series&post=8541"},{"taxonomy":"yb_language","embeddable":true,"href":"https:\/\/yurtbakisi.com\/index.php?rest_route=%2Fwp%2Fv2%2Fyb_language&post=8541"}],"curies":[{"name":"wp","href":"https:\/\/api.w.org\/{rel}","templated":true}]}}