{"id":8543,"date":"2026-09-03T11:57:26","date_gmt":"2026-09-03T08:57:26","guid":{"rendered":"https:\/\/yurtbakisi.com\/?p=8543"},"modified":"2026-09-03T11:57:34","modified_gmt":"2026-09-03T08:57:34","slug":"bakan-simsek-enflasyonda-dusus-devam-ediyor","status":"publish","type":"post","link":"https:\/\/yurtbakisi.com\/?p=8543","title":{"rendered":"Bakan \u015eim\u015fek: Enflasyonda d\u00fc\u015f\u00fc\u015f devam ediyor"},"content":{"rendered":"<p>Hazine ve Maliye Bakan\u0131 Mehmet \u015eim\u015fek, enflasyon verilerine ili\u015fkin yapt\u0131\u011f\u0131 de\u011ferlendirmede, k\u00fcresel ve d\u00f6nemsel olumsuzluklara ra\u011fmen dezenflasyon s\u00fcrecinin s\u00fcrd\u00fc\u011f\u00fcn\u00fc bildirdi.<\/p>\n<p><strong>Kaynak:<\/strong> TRT Haber \u2014 <a href=\"https:\/\/www.trthaber.com\/haber\/gundem\/bakan-simsek-enflasyonda-dusus-devam-ediyor-955769.html\" target=\"_blank\" rel=\"nofollow noopener\">Haberin devam\u0131n\u0131 \u00f6zg\u00fcn kayna\u011f\u0131nda oku<\/a><\/p>\n","protected":false},"excerpt":{"rendered":"<p>Hazine ve Maliye Bakan\u0131 Mehmet \u015eim\u015fek, enflasyon verilerine ili\u015fkin yapt\u0131\u011f\u0131 de\u011ferlendirmede, k\u00fcresel ve d\u00f6nemsel olumsuzluklara ra\u011fmen dezenflasyon s\u00fcrecinin s\u00fcrd\u00fc\u011f\u00fcn\u00fc bildirdi.<\/p>\n","protected":false},"author":0,"featured_media":8544,"comment_status":"closed","ping_status":"closed","sticky":false,"template":"","format":"standard","meta":{"_yb_topic_hash":"4b266ea018681748c56e476681c9aaff10402f3aa5a131dc3e0135ca89d70fe8","_yb_image_repair_status":"","_yb_image_repair_last":"","_yb_image_repair_attempts":0,"_yb_source_trust_score":0,"footnotes":""},"categories":[153],"tags":[107],"yb_news_series":[],"yb_language":[],"class_list":["post-8543","post","type-post","status-publish","format-standard","has-post-thumbnail","hentry","category-gundem","tag-cemiyet"],"blocksy_meta":[],"_links":{"self":[{"href":"https:\/\/yurtbakisi.com\/index.php?rest_route=\/wp\/v2\/posts\/8543","targetHints":{"allow":["GET"]}}],"collection":[{"href":"https:\/\/yurtbakisi.com\/index.php?rest_route=\/wp\/v2\/posts"}],"about":[{"href":"https:\/\/yurtbakisi.com\/index.php?rest_route=\/wp\/v2\/types\/post"}],"replies":[{"embeddable":true,"href":"https:\/\/yurtbakisi.com\/index.php?rest_route=%2Fwp%2Fv2%2Fcomments&post=8543"}],"version-history":[{"count":1,"href":"https:\/\/yurtbakisi.com\/index.php?rest_route=\/wp\/v2\/posts\/8543\/revisions"}],"predecessor-version":[{"id":8545,"href":"https:\/\/yurtbakisi.com\/index.php?rest_route=\/wp\/v2\/posts\/8543\/revisions\/8545"}],"wp:featuredmedia":[{"embeddable":true,"href":"https:\/\/yurtbakisi.com\/index.php?rest_route=\/wp\/v2\/media\/8544"}],"wp:attachment":[{"href":"https:\/\/yurtbakisi.com\/index.php?rest_route=%2Fwp%2Fv2%2Fmedia&parent=8543"}],"wp:term":[{"taxonomy":"category","embeddable":true,"href":"https:\/\/yurtbakisi.com\/index.php?rest_route=%2Fwp%2Fv2%2Fcategories&post=8543"},{"taxonomy":"post_tag","embeddable":true,"href":"https:\/\/yurtbakisi.com\/index.php?rest_route=%2Fwp%2Fv2%2Ftags&post=8543"},{"taxonomy":"yb_news_series","embeddable":true,"href":"https:\/\/yurtbakisi.com\/index.php?rest_route=%2Fwp%2Fv2%2Fyb_news_series&post=8543"},{"taxonomy":"yb_language","embeddable":true,"href":"https:\/\/yurtbakisi.com\/index.php?rest_route=%2Fwp%2Fv2%2Fyb_language&post=8543"}],"curies":[{"name":"wp","href":"https:\/\/api.w.org\/{rel}","templated":true}]}}