{"id":8546,"date":"2026-09-03T11:57:41","date_gmt":"2026-09-03T08:57:41","guid":{"rendered":"https:\/\/yurtbakisi.com\/?p=8546"},"modified":"2026-09-03T11:57:49","modified_gmt":"2026-09-03T08:57:49","slug":"basaksehirde-insaat-alaninda-toprak-kaymasi-1-isci-gocuk-altinda","status":"publish","type":"post","link":"https:\/\/yurtbakisi.com\/?p=8546","title":{"rendered":"Ba\u015fak\u015fehir&#039;de in\u015faat alan\u0131nda toprak kaymas\u0131: 1 i\u015f\u00e7i g\u00f6\u00e7\u00fck alt\u0131nda"},"content":{"rendered":"<p>\u0130stanbul Ba\u015fak\u015fehir&#039;de bir in\u015faat alan\u0131nda meydana gelen toprak kaymas\u0131nda g\u00f6\u00e7\u00fck alt\u0131nda kalan 3 i\u015f\u00e7iden 2&#039;si kurtar\u0131ld\u0131. \u0130tfaiye ve arama kurtarma ekiplerinin toprak alt\u0131ndaki 1 i\u015f\u00e7iye ula\u015fmak i\u00e7in y\u00fcr\u00fctt\u00fc\u011f\u00fc \u00e7al\u0131\u015fmalar devam ediyor.<\/p>\n<p><strong>Kaynak:<\/strong> TRT Haber \u2014 <a href=\"https:\/\/www.trthaber.com\/haber\/turkiye\/basaksehirde-insaat-alaninda-toprak-kaymasi-1-isci-gocuk-altinda-955762.html\" target=\"_blank\" rel=\"nofollow noopener\">Haberin devam\u0131n\u0131 \u00f6zg\u00fcn kayna\u011f\u0131nda oku<\/a><\/p>\n","protected":false},"excerpt":{"rendered":"<p>\u0130stanbul Ba\u015fak\u015fehir&#8217;de bir in\u015faat alan\u0131nda meydana gelen toprak kaymas\u0131nda g\u00f6\u00e7\u00fck alt\u0131nda kalan 3 i\u015f\u00e7iden 2&#8217;si kurtar\u0131ld\u0131. \u0130tfaiye ve arama kurtarma ekiplerinin toprak alt\u0131ndaki 1 i\u015f\u00e7iye ula\u015fmak i\u00e7in y\u00fcr\u00fctt\u00fc\u011f\u00fc \u00e7al\u0131\u015fmalar devam ediyor.<\/p>\n","protected":false},"author":0,"featured_media":8547,"comment_status":"closed","ping_status":"closed","sticky":false,"template":"","format":"standard","meta":{"_yb_topic_hash":"a2b4efb8df23470d1467cc8b9cffa17bcaba46b2a66b052f52d7b136993e320f","_yb_image_repair_status":"","_yb_image_repair_last":"","_yb_image_repair_attempts":0,"_yb_source_trust_score":0,"footnotes":""},"categories":[154],"tags":[],"yb_news_series":[],"yb_language":[],"class_list":["post-8546","post","type-post","status-publish","format-standard","has-post-thumbnail","hentry","category-turkiye"],"blocksy_meta":[],"_links":{"self":[{"href":"https:\/\/yurtbakisi.com\/index.php?rest_route=\/wp\/v2\/posts\/8546","targetHints":{"allow":["GET"]}}],"collection":[{"href":"https:\/\/yurtbakisi.com\/index.php?rest_route=\/wp\/v2\/posts"}],"about":[{"href":"https:\/\/yurtbakisi.com\/index.php?rest_route=\/wp\/v2\/types\/post"}],"replies":[{"embeddable":true,"href":"https:\/\/yurtbakisi.com\/index.php?rest_route=%2Fwp%2Fv2%2Fcomments&post=8546"}],"version-history":[{"count":1,"href":"https:\/\/yurtbakisi.com\/index.php?rest_route=\/wp\/v2\/posts\/8546\/revisions"}],"predecessor-version":[{"id":8548,"href":"https:\/\/yurtbakisi.com\/index.php?rest_route=\/wp\/v2\/posts\/8546\/revisions\/8548"}],"wp:featuredmedia":[{"embeddable":true,"href":"https:\/\/yurtbakisi.com\/index.php?rest_route=\/wp\/v2\/media\/8547"}],"wp:attachment":[{"href":"https:\/\/yurtbakisi.com\/index.php?rest_route=%2Fwp%2Fv2%2Fmedia&parent=8546"}],"wp:term":[{"taxonomy":"category","embeddable":true,"href":"https:\/\/yurtbakisi.com\/index.php?rest_route=%2Fwp%2Fv2%2Fcategories&post=8546"},{"taxonomy":"post_tag","embeddable":true,"href":"https:\/\/yurtbakisi.com\/index.php?rest_route=%2Fwp%2Fv2%2Ftags&post=8546"},{"taxonomy":"yb_news_series","embeddable":true,"href":"https:\/\/yurtbakisi.com\/index.php?rest_route=%2Fwp%2Fv2%2Fyb_news_series&post=8546"},{"taxonomy":"yb_language","embeddable":true,"href":"https:\/\/yurtbakisi.com\/index.php?rest_route=%2Fwp%2Fv2%2Fyb_language&post=8546"}],"curies":[{"name":"wp","href":"https:\/\/api.w.org\/{rel}","templated":true}]}}