{"id":8549,"date":"2026-09-03T11:57:56","date_gmt":"2026-09-03T08:57:56","guid":{"rendered":"https:\/\/yurtbakisi.com\/?p=8549"},"modified":"2026-09-03T11:58:03","modified_gmt":"2026-09-03T08:58:03","slug":"abd-baskani-trumpin-iran-savasini-sonlandirmayi-degerlendirdigi-iddia-edildi","status":"publish","type":"post","link":"https:\/\/yurtbakisi.com\/?p=8549","title":{"rendered":"ABD Ba\u015fkan\u0131 Trump\u0131n \u0130ran Sava\u015f\u0131&#039;n\u0131 sonland\u0131rmay\u0131 de\u011ferlendirdi\u011fi iddia edildi"},"content":{"rendered":"<p>ABD Ba\u015fkan\u0131 Donald Trump\u2019\u0131n, \u0130ran ile sava\u015f\u0131n sona erdi\u011fini ilan etmeyi de\u011ferlendirdi\u011fi \u00f6ne s\u00fcr\u00fcld\u00fc.<\/p>\n<p><strong>Kaynak:<\/strong> TRT Haber \u2014 <a href=\"https:\/\/www.trthaber.com\/haber\/dunya\/abd-baskani-trumpin-iran-savasini-sonlandirmayi-degerlendirdigi-iddia-edildi-955750.html\" target=\"_blank\" rel=\"nofollow noopener\">Haberin devam\u0131n\u0131 \u00f6zg\u00fcn kayna\u011f\u0131nda oku<\/a><\/p>\n","protected":false},"excerpt":{"rendered":"<p>ABD Ba\u015fkan\u0131 Donald Trump\u2019\u0131n, \u0130ran ile sava\u015f\u0131n sona erdi\u011fini ilan etmeyi de\u011ferlendirdi\u011fi \u00f6ne s\u00fcr\u00fcld\u00fc.<\/p>\n","protected":false},"author":0,"featured_media":8550,"comment_status":"closed","ping_status":"closed","sticky":false,"template":"","format":"standard","meta":{"_yb_topic_hash":"4cbbaa9f9a45370037738b4bb5e726d1d782a111cb06ec418d8e4e031458dc5b","_yb_image_repair_status":"","_yb_image_repair_last":"","_yb_image_repair_attempts":0,"_yb_source_trust_score":0,"footnotes":""},"categories":[155],"tags":[],"yb_news_series":[],"yb_language":[],"class_list":["post-8549","post","type-post","status-publish","format-standard","has-post-thumbnail","hentry","category-dunya"],"blocksy_meta":[],"_links":{"self":[{"href":"https:\/\/yurtbakisi.com\/index.php?rest_route=\/wp\/v2\/posts\/8549","targetHints":{"allow":["GET"]}}],"collection":[{"href":"https:\/\/yurtbakisi.com\/index.php?rest_route=\/wp\/v2\/posts"}],"about":[{"href":"https:\/\/yurtbakisi.com\/index.php?rest_route=\/wp\/v2\/types\/post"}],"replies":[{"embeddable":true,"href":"https:\/\/yurtbakisi.com\/index.php?rest_route=%2Fwp%2Fv2%2Fcomments&post=8549"}],"version-history":[{"count":1,"href":"https:\/\/yurtbakisi.com\/index.php?rest_route=\/wp\/v2\/posts\/8549\/revisions"}],"predecessor-version":[{"id":8551,"href":"https:\/\/yurtbakisi.com\/index.php?rest_route=\/wp\/v2\/posts\/8549\/revisions\/8551"}],"wp:featuredmedia":[{"embeddable":true,"href":"https:\/\/yurtbakisi.com\/index.php?rest_route=\/wp\/v2\/media\/8550"}],"wp:attachment":[{"href":"https:\/\/yurtbakisi.com\/index.php?rest_route=%2Fwp%2Fv2%2Fmedia&parent=8549"}],"wp:term":[{"taxonomy":"category","embeddable":true,"href":"https:\/\/yurtbakisi.com\/index.php?rest_route=%2Fwp%2Fv2%2Fcategories&post=8549"},{"taxonomy":"post_tag","embeddable":true,"href":"https:\/\/yurtbakisi.com\/index.php?rest_route=%2Fwp%2Fv2%2Ftags&post=8549"},{"taxonomy":"yb_news_series","embeddable":true,"href":"https:\/\/yurtbakisi.com\/index.php?rest_route=%2Fwp%2Fv2%2Fyb_news_series&post=8549"},{"taxonomy":"yb_language","embeddable":true,"href":"https:\/\/yurtbakisi.com\/index.php?rest_route=%2Fwp%2Fv2%2Fyb_language&post=8549"}],"curies":[{"name":"wp","href":"https:\/\/api.w.org\/{rel}","templated":true}]}}