{"id":8561,"date":"2026-09-03T12:01:19","date_gmt":"2026-09-03T09:01:19","guid":{"rendered":"https:\/\/yurtbakisi.com\/?p=8561"},"modified":"2026-09-03T12:01:25","modified_gmt":"2026-09-03T09:01:25","slug":"soykirimci-israilin-alikoydugu-dr-ebu-safiyye-gardiyanlar-tarafindan-tehdit-ediliyor","status":"publish","type":"post","link":"https:\/\/yurtbakisi.com\/?p=8561","title":{"rendered":"Soyk\u0131r\u0131mc\u0131 \u0130srail&#039;in al\u0131koydu\u011fu Dr. Ebu Safiyye, gardiyanlar taraf\u0131ndan tehdit ediliyor"},"content":{"rendered":"<p>\u0130srail ordusunun Gazze&#039;de al\u0131koydu\u011fu Kemal Advan Hastanesi M\u00fcd\u00fcr\u00fc Ebu Safiyye, \u0130srailli gardiyanlar\u0131n kendisini darbetmeyi s\u00fcrd\u00fcrd\u00fc\u011f\u00fcn\u00fc, uykusuz b\u0131rakt\u0131\u011f\u0131n\u0131 ve tutukluluk ko\u015fullar\u0131 hakk\u0131nda avukat\u0131na bilgi vermemesi i\u00e7in tehdit etti\u011fini belirtti.<\/p>\n<p><strong>Kaynak:<\/strong> TRT Haber \u2014 <a href=\"https:\/\/www.trthaber.com\/haber\/dunya\/soykirimci-israilin-alikoydugu-dr-ebu-safiyye-gardiyanlar-tarafindan-tehdit-ediliyor-955739.html\" target=\"_blank\" rel=\"nofollow noopener\">Haberin devam\u0131n\u0131 \u00f6zg\u00fcn kayna\u011f\u0131nda oku<\/a><\/p>\n","protected":false},"excerpt":{"rendered":"<p>\u0130srail ordusunun Gazze&#8217;de al\u0131koydu\u011fu Kemal Advan Hastanesi M\u00fcd\u00fcr\u00fc Ebu Safiyye, \u0130srailli gardiyanlar\u0131n kendisini darbetmeyi s\u00fcrd\u00fcrd\u00fc\u011f\u00fcn\u00fc, uykusuz b\u0131rakt\u0131\u011f\u0131n\u0131 ve tutukluluk ko\u015fullar\u0131 hakk\u0131nda avukat\u0131na bilgi vermemesi i\u00e7in tehdit etti\u011fini belirtti.<\/p>\n","protected":false},"author":0,"featured_media":8562,"comment_status":"closed","ping_status":"closed","sticky":false,"template":"","format":"standard","meta":{"_yb_topic_hash":"68b2cf0ae8ba959484918371bab1299767e6cb89faa9233598ea3e3c8dfe0933","_yb_image_repair_status":"","_yb_image_repair_last":"","_yb_image_repair_attempts":0,"_yb_source_trust_score":0,"footnotes":""},"categories":[155,94],"tags":[107],"yb_news_series":[],"yb_language":[],"class_list":["post-8561","post","type-post","status-publish","format-standard","has-post-thumbnail","hentry","category-dunya","category-saglikli-yasam","tag-cemiyet"],"blocksy_meta":[],"_links":{"self":[{"href":"https:\/\/yurtbakisi.com\/index.php?rest_route=\/wp\/v2\/posts\/8561","targetHints":{"allow":["GET"]}}],"collection":[{"href":"https:\/\/yurtbakisi.com\/index.php?rest_route=\/wp\/v2\/posts"}],"about":[{"href":"https:\/\/yurtbakisi.com\/index.php?rest_route=\/wp\/v2\/types\/post"}],"replies":[{"embeddable":true,"href":"https:\/\/yurtbakisi.com\/index.php?rest_route=%2Fwp%2Fv2%2Fcomments&post=8561"}],"version-history":[{"count":1,"href":"https:\/\/yurtbakisi.com\/index.php?rest_route=\/wp\/v2\/posts\/8561\/revisions"}],"predecessor-version":[{"id":8563,"href":"https:\/\/yurtbakisi.com\/index.php?rest_route=\/wp\/v2\/posts\/8561\/revisions\/8563"}],"wp:featuredmedia":[{"embeddable":true,"href":"https:\/\/yurtbakisi.com\/index.php?rest_route=\/wp\/v2\/media\/8562"}],"wp:attachment":[{"href":"https:\/\/yurtbakisi.com\/index.php?rest_route=%2Fwp%2Fv2%2Fmedia&parent=8561"}],"wp:term":[{"taxonomy":"category","embeddable":true,"href":"https:\/\/yurtbakisi.com\/index.php?rest_route=%2Fwp%2Fv2%2Fcategories&post=8561"},{"taxonomy":"post_tag","embeddable":true,"href":"https:\/\/yurtbakisi.com\/index.php?rest_route=%2Fwp%2Fv2%2Ftags&post=8561"},{"taxonomy":"yb_news_series","embeddable":true,"href":"https:\/\/yurtbakisi.com\/index.php?rest_route=%2Fwp%2Fv2%2Fyb_news_series&post=8561"},{"taxonomy":"yb_language","embeddable":true,"href":"https:\/\/yurtbakisi.com\/index.php?rest_route=%2Fwp%2Fv2%2Fyb_language&post=8561"}],"curies":[{"name":"wp","href":"https:\/\/api.w.org\/{rel}","templated":true}]}}